{"id":32687,"date":"2021-10-02T13:06:19","date_gmt":"2021-10-02T18:06:19","guid":{"rendered":"http:\/\/www.zonaroja.com.mx\/?p=32687"},"modified":"2021-10-02T13:27:46","modified_gmt":"2021-10-02T18:27:46","slug":"confirma-fiscalia-de-oaxaca-atentado-y-un-herido-en-bar-de-puerto-escondido-oaxaca","status":"publish","type":"post","link":"https:\/\/zonaroja.com.mx\/?p=32687","title":{"rendered":"Confirma Fiscal\u00eda de Oaxaca atentado y un herido en bar de Puerto Escondido, Oaxaca"},"content":{"rendered":"\n<p>Ismael Garc\u00eda M.\/Zona Roja.<\/p>\n\n\n\n<p>Oaxaca de Ju\u00e1rez, Oax., 2 de octubre de 2021.- La Fiscal\u00eda General del Estado de Oaxaca confirm\u00f3 un atentado en un bar de playa Zicatela, Puerto Escondido, Oaxaca, que dej\u00f3 como saldo el incendio del establecimiento y una persona de origen extranjero lesionada.<\/p>\n\n\n\n<p>Los hechos ocurrieron la madrugada de este s\u00e1bado, en que sujetos armados incendiaron el bar, adem\u00e1s de atacar a los presentes, lo que dej\u00f3 como saldo una persona lesionada de bala, originario de Eslovenia, identificado de manera preliminar como James Aljaneis, de 53 a\u00f1os de edad.<\/p>\n\n\n\n<p>A trav\u00e9s de sus redes sociales, la Fiscal\u00eda General inform\u00f3 que el individuo herido de bala fue internado en un nosocomio para recibir atenci\u00f3n m\u00e9dica.<\/p>\n\n\n\n<p>Adem\u00e1s, realiza las diligencias pertinentes e inici\u00f3 la Carpeta de Investigaci\u00f3n correspondiente \u201cque ayude a resolver el caso, para dar con el paradero de quienes resulten responsables de la agresi\u00f3n\u201d.<\/p>\n\n\n\n<p>Hasta el momento, se desconocen las razones por las cuales fue incendiado el establecimiento nocturno, identificado como \u00abCaf\u00e9 Ol\u00e9\u00bb.<\/p>\n\n\n\n<p>Los moradores de la zona lo relacionan con hecho similar ocurrido la noche del mi\u00e9rcoles en Acapulco, Guerrero, con el incendio intencional del centro nocturno \u201cBaby\u2019O\u201d.<\/p>\n","protected":false},"excerpt":{"rendered":"<p>Ismael Garc\u00eda M.\/Zona Roja. Oaxaca de Ju\u00e1rez, Oax., 2 de octubre de 2021.- La Fiscal\u00eda&hellip;<\/p>\n","protected":false},"author":2,"featured_media":32688,"comment_status":"closed","ping_status":"open","sticky":false,"template":"","format":"standard","meta":{"_lmt_disableupdate":"","_lmt_disable":"","_jetpack_memberships_contains_paid_content":false,"footnotes":""},"categories":[109,47],"tags":[590],"class_list":["post-32687","post","type-post","status-publish","format-standard","has-post-thumbnail","hentry","category-minuto-a-minuto","category-zona-gris","tag-puerto-escondido"],"jetpack_featured_media_url":"https:\/\/zonaroja.com.mx\/wp-content\/uploads\/2021\/10\/Atentado-Punta-Zicatela-Oaxaca.jpg","jetpack_sharing_enabled":true,"_links":{"self":[{"href":"https:\/\/zonaroja.com.mx\/index.php?rest_route=\/wp\/v2\/posts\/32687","targetHints":{"allow":["GET"]}}],"collection":[{"href":"https:\/\/zonaroja.com.mx\/index.php?rest_route=\/wp\/v2\/posts"}],"about":[{"href":"https:\/\/zonaroja.com.mx\/index.php?rest_route=\/wp\/v2\/types\/post"}],"author":[{"embeddable":true,"href":"https:\/\/zonaroja.com.mx\/index.php?rest_route=\/wp\/v2\/users\/2"}],"replies":[{"embeddable":true,"href":"https:\/\/zonaroja.com.mx\/index.php?rest_route=%2Fwp%2Fv2%2Fcomments&post=32687"}],"version-history":[{"count":2,"href":"https:\/\/zonaroja.com.mx\/index.php?rest_route=\/wp\/v2\/posts\/32687\/revisions"}],"predecessor-version":[{"id":32693,"href":"https:\/\/zonaroja.com.mx\/index.php?rest_route=\/wp\/v2\/posts\/32687\/revisions\/32693"}],"wp:featuredmedia":[{"embeddable":true,"href":"https:\/\/zonaroja.com.mx\/index.php?rest_route=\/wp\/v2\/media\/32688"}],"wp:attachment":[{"href":"https:\/\/zonaroja.com.mx\/index.php?rest_route=%2Fwp%2Fv2%2Fmedia&parent=32687"}],"wp:term":[{"taxonomy":"category","embeddable":true,"href":"https:\/\/zonaroja.com.mx\/index.php?rest_route=%2Fwp%2Fv2%2Fcategories&post=32687"},{"taxonomy":"post_tag","embeddable":true,"href":"https:\/\/zonaroja.com.mx\/index.php?rest_route=%2Fwp%2Fv2%2Ftags&post=32687"}],"curies":[{"name":"wp","href":"https:\/\/api.w.org\/{rel}","templated":true}]}}