{"id":32690,"date":"2021-10-02T13:20:00","date_gmt":"2021-10-02T18:20:00","guid":{"rendered":"http:\/\/www.zonaroja.com.mx\/?p=32690"},"modified":"2021-10-02T13:20:03","modified_gmt":"2021-10-02T18:20:03","slug":"destituyen-a-director-del-instituto-de-la-construccion-de-la-cmic","status":"publish","type":"post","link":"https:\/\/zonaroja.com.mx\/?p=32690","title":{"rendered":"Destituyen a director del Instituto de la Construcci\u00f3n de la CMIC"},"content":{"rendered":"\n<p>Redacci\u00f3n\/Zona Roja.<\/p>\n\n\n\n<p>Oaxaca de Ju\u00e1rez, Oax., 2 de octubre de 2021.- La C\u00e1mara Mexicana de la Industria de la Construcci\u00f3n (CMIC), Delegaci\u00f3n Oaxaca, confirm\u00f3 el cese del director del Instituto Tecnol\u00f3gico de la Construcci\u00f3n, Francisco Jes\u00fas S\u00e1nchez Mart\u00ednez, tras las denuncias de acoso sexual e irregularidades.<\/p>\n\n\n\n<p>Fue el pasado mi\u00e9rcoles en que un grupo de trabajadoras acus\u00f3 al responsable de esa instituci\u00f3n ubicada en la colonia Ol\u00edmpica de la ciudad de Oaxaca y por lo cual cerraron las instalaciones durante dos d\u00edas.<\/p>\n\n\n\n<p>\u201cEl acoso sexual que han vivido las alumnas y el personal administrativo por parte del personal de la instituci\u00f3n masculino y del mismo director; el acoso laboral sistem\u00e1tico, en que se ha ofendido, humillado y amenazado a quienes no est\u00e1n de acuerdo con los actos de corrupci\u00f3n, fueron las denuncias, adem\u00e1s de se\u00f1alar mal uso de los recursos financieros.<\/p>\n\n\n\n<p>Tras ello, la CMIC Oaxaca emiti\u00f3 un comunicado en que precis\u00f3 que \u201ccon el apoyo de nuestras autoridades de nivel central, se dio una soluci\u00f3n r\u00e1pida a este problema\u201d.<\/p>\n\n\n\n<figure class=\"wp-block-embed-twitter wp-block-embed is-type-rich is-provider-twitter\"><div class=\"wp-block-embed__wrapper\">\n<div class=\"twitter-tweet\"><blockquote class=\"twitter-tweet\" data-lang=\"es\"><p lang=\"und\" dir=\"ltr\"><a href=\"https:\/\/t.co\/teyNN0vhq3\">pic.twitter.com\/teyNN0vhq3<\/a><\/p>&mdash; CMIC Oaxaca (@CmicOaxaca) <a href=\"https:\/\/twitter.com\/CmicOaxaca\/status\/1444076412554600463?ref_src=twsrc%5Etfw\">1 de octubre de 2021<\/a><\/blockquote><\/div>\n<\/div><\/figure>\n\n\n\n<p>Es as\u00ed que a partir de ayer 1 de octubre, fue designado como director interino Luis V\u00e1squez Esteban, integrante del comit\u00e9 directivo\u201d, en sustituci\u00f3n de S\u00e1nchez Mart\u00ednez.<\/p>\n\n\n\n<p>\u201cInform\u00e1ndoles que a partir del lunes 4 de octubre estar\u00e1n abiertas las instalaciones en su horario establecido para atender las actividades que realiza este instituto\u201d, precisa el comunicado que firma Misael Elorza Aguilar, responsable de la CMIC Delegaci\u00f3n Oaxaca.<\/p>\n\n\n\n<p>No obstante, no precisa si se iniciar\u00e1n indagatorias en contra de Francisco Jes\u00fas S\u00e1nchez Mart\u00ednez, por las diversas acusaciones del personal y alumnado femenino.<\/p>\n","protected":false},"excerpt":{"rendered":"<p>Redacci\u00f3n\/Zona Roja. Oaxaca de Ju\u00e1rez, Oax., 2 de octubre de 2021.- La C\u00e1mara Mexicana de&hellip;<\/p>\n","protected":false},"author":2,"featured_media":32691,"comment_status":"closed","ping_status":"open","sticky":false,"template":"","format":"standard","meta":{"_lmt_disableupdate":"","_lmt_disable":"","_jetpack_memberships_contains_paid_content":false,"footnotes":""},"categories":[109,47],"tags":[2908],"class_list":["post-32690","post","type-post","status-publish","format-standard","has-post-thumbnail","hentry","category-minuto-a-minuto","category-zona-gris","tag-camara-mexicana-de-la-industria-de-la-construccion-cmic-oaxaca"],"jetpack_featured_media_url":"https:\/\/zonaroja.com.mx\/wp-content\/uploads\/2021\/10\/Instituto-de-la-Construccion-CMIC.jpg","jetpack_sharing_enabled":true,"_links":{"self":[{"href":"https:\/\/zonaroja.com.mx\/index.php?rest_route=\/wp\/v2\/posts\/32690","targetHints":{"allow":["GET"]}}],"collection":[{"href":"https:\/\/zonaroja.com.mx\/index.php?rest_route=\/wp\/v2\/posts"}],"about":[{"href":"https:\/\/zonaroja.com.mx\/index.php?rest_route=\/wp\/v2\/types\/post"}],"author":[{"embeddable":true,"href":"https:\/\/zonaroja.com.mx\/index.php?rest_route=\/wp\/v2\/users\/2"}],"replies":[{"embeddable":true,"href":"https:\/\/zonaroja.com.mx\/index.php?rest_route=%2Fwp%2Fv2%2Fcomments&post=32690"}],"version-history":[{"count":1,"href":"https:\/\/zonaroja.com.mx\/index.php?rest_route=\/wp\/v2\/posts\/32690\/revisions"}],"predecessor-version":[{"id":32692,"href":"https:\/\/zonaroja.com.mx\/index.php?rest_route=\/wp\/v2\/posts\/32690\/revisions\/32692"}],"wp:featuredmedia":[{"embeddable":true,"href":"https:\/\/zonaroja.com.mx\/index.php?rest_route=\/wp\/v2\/media\/32691"}],"wp:attachment":[{"href":"https:\/\/zonaroja.com.mx\/index.php?rest_route=%2Fwp%2Fv2%2Fmedia&parent=32690"}],"wp:term":[{"taxonomy":"category","embeddable":true,"href":"https:\/\/zonaroja.com.mx\/index.php?rest_route=%2Fwp%2Fv2%2Fcategories&post=32690"},{"taxonomy":"post_tag","embeddable":true,"href":"https:\/\/zonaroja.com.mx\/index.php?rest_route=%2Fwp%2Fv2%2Ftags&post=32690"}],"curies":[{"name":"wp","href":"https:\/\/api.w.org\/{rel}","templated":true}]}}