{"id":32694,"date":"2021-10-02T13:38:41","date_gmt":"2021-10-02T18:38:41","guid":{"rendered":"http:\/\/www.zonaroja.com.mx\/?p=32694"},"modified":"2021-10-02T13:38:47","modified_gmt":"2021-10-02T18:38:47","slug":"lunes-sera-otro-dia-de-caos-cipo-y-trabajadores-del-ayuntamiento-anuncian-protestas","status":"publish","type":"post","link":"https:\/\/zonaroja.com.mx\/?p=32694","title":{"rendered":"Lunes ser\u00e1 otro d\u00eda de caos: CIPO y trabajadores del ayuntamiento anuncian protestas"},"content":{"rendered":"\n<p>Evlin Arag\u00f3n\/Zona Roja.<\/p>\n\n\n\n<p>Oaxaca de Ju\u00e1rez, Oax., 2 de octubre de 2021.- El lunes ser\u00e1 otro d\u00eda ca\u00f3tico en Oaxaca, a falta de pol\u00edtica interna.<\/p>\n\n\n\n<p>Personal de limpia y obra p\u00fablica afiliado al Sindicato \u201c3 de marzo\u201d suspender\u00e1 labores a partir del pr\u00f3ximo lunes debido a la falta de atenci\u00f3n por parte del presidente municipal de Oaxaca de Ju\u00e1rez, Oswaldo Garc\u00eda Jarqu\u00edn, quien durante la m\u00e1s reciente semana recibi\u00f3 varias movilizaciones y acusaciones en contra.&nbsp;<\/p>\n\n\n\n<p>As\u00ed lo dieron a conocer como parte de los acuerdos a los que lleg\u00f3 el Comit\u00e9 Directivo y sus delegados, quienes anunciaron un paro de brazos ca\u00eddos y una concentraci\u00f3n masiva en la Plaza de la Danza y la Central de Abasto, en el \u00e1rea de rampa.&nbsp;<\/p>\n\n\n\n<p>La convocatoria a la movilizaci\u00f3n refiere que ser\u00e1 el personal del Comit\u00e9 Ejecutivo, delegados, las \u00e1reas de vigilancia, administrativos, obras p\u00fablicas, desarrollo urbano y bacheo quienes participaran, de lo contrario se enfrentara a descuentos de cinco d\u00edas de trabajo, conforme al acuerdo.&nbsp;<\/p>\n\n\n\n<p>Apenas el pasado jueves, personal sindicalizado de por lo menos cuatro gremiales cerr\u00f3 los accesos del ayuntamiento capitalino para denunciar el adeudo de m\u00e1s de 10 millones en el Fondo de Pensiones, mismo que est\u00e1 afectando a las personas que ya han cumplido con los a\u00f1os de servicio que por ley se piden para su retiro.&nbsp;<\/p>\n\n\n\n<p>Como parte de la movilizaci\u00f3n exigieron la atenci\u00f3n por parte del edil, que previamente emiti\u00f3 una circular donde anuncia el cierre del ejercicio fiscal 2021, ello sin cumplir con los adeudos que tiene con el personal sindicalizado, particularmente con los jubilados y pensionados.&nbsp;<\/p>\n\n\n\n<p>TAMBI\u00c9N CIPO<\/p>\n\n\n\n<p>El pr\u00f3ximo lunes ser\u00e1 un d\u00eda complicado en la capital oaxaque\u00f1a en materia de protestas ya que integrantes del Consejo Ind\u00edgena Popular de Oaxaca (CIPO) anunciaron hoy una serie de movilizaciones en la ciudad de Oaxaca, ante lo que consideran incumplimientos del Gobierno del Estado a diversas demandas.<\/p>\n\n\n\n<p>\u201cHacemos el llamado a la Fiscal\u00eda General del Estado, a Arturo Peimbert, a que con todos los elementos que se tienen de peritajes, investigaciones, y lo que se ha dicho en testimonios de las v\u00edctimas, tenga la capacidad para hacer justicia a los compa\u00f1eros ind\u00edgenas chinantecos\u201d, dijo hoy Miguel Cruz.<\/p>\n\n\n\n<p>Adem\u00e1s, cit\u00f3 que piden al Tribunal Superior de Justicia a que est\u00e9 pendiente de la audiencia que se har\u00e1 en Tuxtepec, por el caso de Santiago Jocotepec, \u201cdonde hay delincuencia organizada\u201d.<\/p>\n\n\n\n<p>As\u00ed mismo, adheridos del Integrantes del Sindicato \u00danico de Trabajadores del Instituto de Estudios de Bachillerato del Estado de Oaxaca (SUTIEBO) y del Sindicato \u00danico del Colegio de Bachilleres de Oaxaca (SUTCOBAO) dieron a conocer un paro de labores y un plan de actividades ante falta de cumplimiento a demandas laborales.<\/p>\n","protected":false},"excerpt":{"rendered":"<p>Evlin Arag\u00f3n\/Zona Roja. Oaxaca de Ju\u00e1rez, Oax., 2 de octubre de 2021.- El lunes ser\u00e1&hellip;<\/p>\n","protected":false},"author":2,"featured_media":32695,"comment_status":"closed","ping_status":"open","sticky":false,"template":"","format":"standard","meta":{"_lmt_disableupdate":"","_lmt_disable":"","_jetpack_memberships_contains_paid_content":false,"footnotes":""},"categories":[109,47],"tags":[2315],"class_list":["post-32694","post","type-post","status-publish","format-standard","has-post-thumbnail","hentry","category-minuto-a-minuto","category-zona-gris","tag-ayuntamiento-de-oaxaca-de-juarez"],"jetpack_featured_media_url":"https:\/\/zonaroja.com.mx\/wp-content\/uploads\/2021\/10\/Conferencia-CIPO-Miguel-Cruz.jpg","jetpack_sharing_enabled":true,"_links":{"self":[{"href":"https:\/\/zonaroja.com.mx\/index.php?rest_route=\/wp\/v2\/posts\/32694","targetHints":{"allow":["GET"]}}],"collection":[{"href":"https:\/\/zonaroja.com.mx\/index.php?rest_route=\/wp\/v2\/posts"}],"about":[{"href":"https:\/\/zonaroja.com.mx\/index.php?rest_route=\/wp\/v2\/types\/post"}],"author":[{"embeddable":true,"href":"https:\/\/zonaroja.com.mx\/index.php?rest_route=\/wp\/v2\/users\/2"}],"replies":[{"embeddable":true,"href":"https:\/\/zonaroja.com.mx\/index.php?rest_route=%2Fwp%2Fv2%2Fcomments&post=32694"}],"version-history":[{"count":1,"href":"https:\/\/zonaroja.com.mx\/index.php?rest_route=\/wp\/v2\/posts\/32694\/revisions"}],"predecessor-version":[{"id":32696,"href":"https:\/\/zonaroja.com.mx\/index.php?rest_route=\/wp\/v2\/posts\/32694\/revisions\/32696"}],"wp:featuredmedia":[{"embeddable":true,"href":"https:\/\/zonaroja.com.mx\/index.php?rest_route=\/wp\/v2\/media\/32695"}],"wp:attachment":[{"href":"https:\/\/zonaroja.com.mx\/index.php?rest_route=%2Fwp%2Fv2%2Fmedia&parent=32694"}],"wp:term":[{"taxonomy":"category","embeddable":true,"href":"https:\/\/zonaroja.com.mx\/index.php?rest_route=%2Fwp%2Fv2%2Fcategories&post=32694"},{"taxonomy":"post_tag","embeddable":true,"href":"https:\/\/zonaroja.com.mx\/index.php?rest_route=%2Fwp%2Fv2%2Ftags&post=32694"}],"curies":[{"name":"wp","href":"https:\/\/api.w.org\/{rel}","templated":true}]}}