{"id":32697,"date":"2021-10-02T14:04:50","date_gmt":"2021-10-02T19:04:50","guid":{"rendered":"http:\/\/www.zonaroja.com.mx\/?p=32697"},"modified":"2021-10-02T14:04:54","modified_gmt":"2021-10-02T19:04:54","slug":"arrastra-rio-de-oaxaca-a-vehiculo-con-tres-personas-una-fue-hallada-muerta","status":"publish","type":"post","link":"https:\/\/zonaroja.com.mx\/?p=32697","title":{"rendered":"Arrastra r\u00edo de Oaxaca a veh\u00edculo con tres personas; una fue hallada muerta"},"content":{"rendered":"\n<p>Redacci\u00f3n\/Zona Roja.<\/p>\n\n\n\n<p>Oaxaca de Ju\u00e1rez, Oax., 2 de octubre de 2021.- La Polic\u00eda Estatal de Oaxaca implement\u00f3 un operativo para coadyuvar a la b\u00fasqueda de tres personas que fueron arrastradas por un r\u00edo con todo y veh\u00edculo, en la regi\u00f3n Mixteca del estado.<\/p>\n\n\n\n<p>Seg\u00fan confirm\u00f3 la Secretar\u00eda de Seguridad P\u00fablica (SSPO), las fuertes lluvias registradas en la comunidad de Tinuama de Zaragoza, en San Juan Mixtepec, propiciaron la crecida del r\u00edo \u201cVerde\u201d, que arrastr\u00f3 un veh\u00edculo marca Nissan, tipo Tsuru, color blanco, la noche de este viernes 1 de octubre.<\/p>\n\n\n\n<p>En la unidad de motor viajaban tres personas del sexo masculino; durante las labores de b\u00fasqueda y rescate, la Polic\u00eda Estatal y pobladores localizaron a quien en vida respondi\u00f3 al nombre de Ceferino L. L., de 27 a\u00f1os de edad.<\/p>\n\n\n\n<p>Sus acompa\u00f1antes Eduardo R.E. y Juan Manuel L. H. a\u00fan se encuentran desaparecidos, por lo que las autoridades mantienen y refuerzan el operativo con el fin de localizarlos.<\/p>\n","protected":false},"excerpt":{"rendered":"<p>Redacci\u00f3n\/Zona Roja. Oaxaca de Ju\u00e1rez, Oax., 2 de octubre de 2021.- La Polic\u00eda Estatal de&hellip;<\/p>\n","protected":false},"author":2,"featured_media":32698,"comment_status":"closed","ping_status":"open","sticky":false,"template":"","format":"standard","meta":{"_lmt_disableupdate":"","_lmt_disable":"","_jetpack_memberships_contains_paid_content":false,"footnotes":""},"categories":[109,47],"tags":[1768],"class_list":["post-32697","post","type-post","status-publish","format-standard","has-post-thumbnail","hentry","category-minuto-a-minuto","category-zona-gris","tag-san-juan-mixtepec"],"jetpack_featured_media_url":"https:\/\/zonaroja.com.mx\/wp-content\/uploads\/2021\/10\/Policia-Estatal-rescate-Mixtepec.jpg","jetpack_sharing_enabled":true,"_links":{"self":[{"href":"https:\/\/zonaroja.com.mx\/index.php?rest_route=\/wp\/v2\/posts\/32697","targetHints":{"allow":["GET"]}}],"collection":[{"href":"https:\/\/zonaroja.com.mx\/index.php?rest_route=\/wp\/v2\/posts"}],"about":[{"href":"https:\/\/zonaroja.com.mx\/index.php?rest_route=\/wp\/v2\/types\/post"}],"author":[{"embeddable":true,"href":"https:\/\/zonaroja.com.mx\/index.php?rest_route=\/wp\/v2\/users\/2"}],"replies":[{"embeddable":true,"href":"https:\/\/zonaroja.com.mx\/index.php?rest_route=%2Fwp%2Fv2%2Fcomments&post=32697"}],"version-history":[{"count":1,"href":"https:\/\/zonaroja.com.mx\/index.php?rest_route=\/wp\/v2\/posts\/32697\/revisions"}],"predecessor-version":[{"id":32699,"href":"https:\/\/zonaroja.com.mx\/index.php?rest_route=\/wp\/v2\/posts\/32697\/revisions\/32699"}],"wp:featuredmedia":[{"embeddable":true,"href":"https:\/\/zonaroja.com.mx\/index.php?rest_route=\/wp\/v2\/media\/32698"}],"wp:attachment":[{"href":"https:\/\/zonaroja.com.mx\/index.php?rest_route=%2Fwp%2Fv2%2Fmedia&parent=32697"}],"wp:term":[{"taxonomy":"category","embeddable":true,"href":"https:\/\/zonaroja.com.mx\/index.php?rest_route=%2Fwp%2Fv2%2Fcategories&post=32697"},{"taxonomy":"post_tag","embeddable":true,"href":"https:\/\/zonaroja.com.mx\/index.php?rest_route=%2Fwp%2Fv2%2Ftags&post=32697"}],"curies":[{"name":"wp","href":"https:\/\/api.w.org\/{rel}","templated":true}]}}