{"id":32700,"date":"2021-10-02T20:34:25","date_gmt":"2021-10-03T01:34:25","guid":{"rendered":"http:\/\/www.zonaroja.com.mx\/?p=32700"},"modified":"2021-10-02T20:34:28","modified_gmt":"2021-10-03T01:34:28","slug":"criminales-de-oaxaca-quieren-instalarse-en-veracruz-gobernador","status":"publish","type":"post","link":"https:\/\/zonaroja.com.mx\/?p=32700","title":{"rendered":"Criminales de Oaxaca quieren instalarse en Veracruz: gobernador"},"content":{"rendered":"\n<p>Redacci\u00f3n\/Zona Roja Cdmx.<\/p>\n\n\n\n<p>Ciudad de M\u00e9xico, 2 de octubre de 2021.- El gobierno de Veracruz detect\u00f3 un grupo criminal de Oaxaca que pretende operar desde la regi\u00f3n sur de la entidad, revel\u00f3 el gobernador del estado de Veracruz, Cuitl\u00e1huac Garc\u00eda Jim\u00e9nez.<\/p>\n\n\n\n<p>En conferencia de prensa, asever\u00f3 que no se permitir\u00e1 que dicha banda se instale en la entidad, por lo que se aplic\u00f3 un plan de seguridad para reforzar la zona en donde esta fue detectada.<\/p>\n\n\n\n<p>El mandatario estatal se\u00f1al\u00f3 que ya hubo comunicaci\u00f3n con las autoridades de Oaxaca, con quienes se trabajar\u00e1 en coordinaci\u00f3n con acciones de seguridad.<\/p>\n\n\n\n<p>\u201cYa se cuenta con un acuerdo entre las Fiscal\u00edas de ambas entidades para hacer frente a esta situaci\u00f3n\u201d, dijo.<\/p>\n\n\n\n<p>Refiri\u00f3 que, adem\u00e1s, se han llevado a cabo detenciones de jefes de plaza de los grupos que operan en el sur de la entidad en los l\u00edmites con Oaxaca.<\/p>\n\n\n\n<p>\u201cSe han tenido golpes muy fuertes hacia la delincuencia organizada, narcomenudeo y tr\u00e1fico de personas, hemos detenido jefes de plaza que surg\u00edan en algunos municipios, estamos indagando que hay un grupo que est\u00e1 tratando de incursionar desde Oaxaca\u201d, manifest\u00f3.<\/p>\n\n\n\n<p>Asever\u00f3 que se dar\u00e1 con todos los delincuentes y se aplicar\u00e1 la ley, ya que se busca que exista seguridad en todo el estado.<\/p>\n\n\n\n<p>\u201cVamos a dar con ellos, donde est\u00e9n, donde se quieran refugiar porque aqu\u00ed no hay pacto con ning\u00fan grupo delincuencial, hasta ahorita son ajustes de cuentas entre ellos, pero no lo vamos a permitir porque no queremos que sus diferencias impacten en la poblaci\u00f3n\u00bb, coment\u00f3.<\/p>\n\n\n\n<p>La informaci\u00f3n es de \u201cEl Sol de C\u00f3rdoba\u201d<\/p>\n\n\n\n<figure class=\"wp-block-embed\"><div class=\"wp-block-embed__wrapper\">\nhttps:\/\/www.elsoldecordoba.com.mx\/local\/criminales-de-oaxaca-quieren-instalarse-en-veracruz-el-gobernador-del-estado-cuitlahuac-garcia-jimenez-asevero-que-no-se-permitira-que-dicha-banda-se-instale-en-la-entidad-7278505.html\n<\/div><\/figure>\n","protected":false},"excerpt":{"rendered":"<p>Redacci\u00f3n\/Zona Roja Cdmx. Ciudad de M\u00e9xico, 2 de octubre de 2021.- El gobierno de Veracruz&hellip;<\/p>\n","protected":false},"author":2,"featured_media":32701,"comment_status":"closed","ping_status":"open","sticky":false,"template":"","format":"standard","meta":{"_lmt_disableupdate":"","_lmt_disable":"","_jetpack_memberships_contains_paid_content":false,"footnotes":""},"categories":[109,47],"tags":[2909],"class_list":["post-32700","post","type-post","status-publish","format-standard","has-post-thumbnail","hentry","category-minuto-a-minuto","category-zona-gris","tag-cuitlahuac-garcia-veracruz"],"jetpack_featured_media_url":"https:\/\/zonaroja.com.mx\/wp-content\/uploads\/2021\/10\/Cuitlahuac-Garcia-Veracruz.jpeg","jetpack_sharing_enabled":true,"_links":{"self":[{"href":"https:\/\/zonaroja.com.mx\/index.php?rest_route=\/wp\/v2\/posts\/32700","targetHints":{"allow":["GET"]}}],"collection":[{"href":"https:\/\/zonaroja.com.mx\/index.php?rest_route=\/wp\/v2\/posts"}],"about":[{"href":"https:\/\/zonaroja.com.mx\/index.php?rest_route=\/wp\/v2\/types\/post"}],"author":[{"embeddable":true,"href":"https:\/\/zonaroja.com.mx\/index.php?rest_route=\/wp\/v2\/users\/2"}],"replies":[{"embeddable":true,"href":"https:\/\/zonaroja.com.mx\/index.php?rest_route=%2Fwp%2Fv2%2Fcomments&post=32700"}],"version-history":[{"count":1,"href":"https:\/\/zonaroja.com.mx\/index.php?rest_route=\/wp\/v2\/posts\/32700\/revisions"}],"predecessor-version":[{"id":32702,"href":"https:\/\/zonaroja.com.mx\/index.php?rest_route=\/wp\/v2\/posts\/32700\/revisions\/32702"}],"wp:featuredmedia":[{"embeddable":true,"href":"https:\/\/zonaroja.com.mx\/index.php?rest_route=\/wp\/v2\/media\/32701"}],"wp:attachment":[{"href":"https:\/\/zonaroja.com.mx\/index.php?rest_route=%2Fwp%2Fv2%2Fmedia&parent=32700"}],"wp:term":[{"taxonomy":"category","embeddable":true,"href":"https:\/\/zonaroja.com.mx\/index.php?rest_route=%2Fwp%2Fv2%2Fcategories&post=32700"},{"taxonomy":"post_tag","embeddable":true,"href":"https:\/\/zonaroja.com.mx\/index.php?rest_route=%2Fwp%2Fv2%2Ftags&post=32700"}],"curies":[{"name":"wp","href":"https:\/\/api.w.org\/{rel}","templated":true}]}}