{"id":32703,"date":"2021-10-02T21:20:44","date_gmt":"2021-10-03T02:20:44","guid":{"rendered":"http:\/\/www.zonaroja.com.mx\/?p=32703"},"modified":"2021-10-02T21:20:47","modified_gmt":"2021-10-03T02:20:47","slug":"tribunal-de-oaxaca-confirma-que-dirigente-de-fuerza-por-mexico-cometio-violencia-de-genero","status":"publish","type":"post","link":"https:\/\/zonaroja.com.mx\/?p=32703","title":{"rendered":"Tribunal de Oaxaca confirma que dirigente de Fuerza por M\u00e9xico cometi\u00f3 violencia de g\u00e9nero"},"content":{"rendered":"\n<p>Redacci\u00f3n\/Zona Roja.<\/p>\n\n\n\n<p>Oaxaca de Ju\u00e1rez, Oax., 2 de octubre de 2021.- El Tribunal Electoral del Estado de Oaxaca (TEEO) determin\u00f3 amonestar a la dirigente del Partido Fuerza por M\u00e9xico en Oaxaca, Salom\u00e9 Mart\u00ednez Salazar.<\/p>\n\n\n\n<p>Lo anterior, al corroborar que incurri\u00f3 en violencia pol\u00edtica por raz\u00f3n de g\u00e9nero, en contra de Yvette Sonia Castellanos Ruiz, secretaria de Organizaci\u00f3n del mismo instituto pol\u00edtico, que a nivel nacional preside Pedro Haces Barba, senador suplente por Morena y dirigente nacional de la organizaci\u00f3n de transportistas CATEM, caracterizada por su violencia.<\/p>\n\n\n\n<p>De acuerdo con el fallo emitido este s\u00e1bado, en el expediente PES\/86\/2021, el 9 de abril pasado, la denunciante present\u00f3 su queja ante la Comisi\u00f3n de Quejas y Denuncias del Instituto Estatal Electoral y de Participaci\u00f3n, por actos que consider\u00f3 podr\u00edan constituirse como violencia pol\u00edtica en raz\u00f3n de g\u00e9nero.<\/p>\n\n\n\n<p>El 10 de abril, el organismo se consider\u00f3 incompetente para determinar el caso por lo que lo rencauz\u00f3 hacia el TEEO; no obstante, este \u00faltimo regres\u00f3 el expediente al IEEPCO.<\/p>\n\n\n\n<p>Finalmente, el 17 de junio se llev\u00f3 a cabo la audiencia de pruebas y alegatos y el 17 de junio el \u00f3rgano determin\u00f3 cerrar el caso y remitirlo al Tribunal.<\/p>\n\n\n\n<p>Entre otros casos de violencia, a Yvette Sonia Castellanos le dijo la dirigente estatal: \u201cQue era una chamaca, que no sab\u00eda de asuntos pol\u00edticos y mucho menos ten\u00eda conocimiento ni la experiencia para llevar a cabo las funciones de la secretar\u00eda, que solamente la hab\u00edan utilizado para mantener el espacio y no cederlo ante sus adversarios, que dejara de entrometerse y que se dedicara a otra cosa, siempre gritando y utilizando palabras altisonantes, aduciendo que no sab\u00eda nada de pol\u00edtica y que no ten\u00eda capacidad para hacerlo\u201d.<\/p>\n\n\n\n<figure class=\"wp-block-embed-twitter wp-block-embed is-type-rich is-provider-twitter\"><div class=\"wp-block-embed__wrapper\">\n<div class=\"twitter-tweet\"><blockquote class=\"twitter-tweet\" data-lang=\"es\"><p lang=\"es\" dir=\"ltr\">\u2696\ufe0fResoluci\u00f3n del expediente PES\/86\/2021<br>Fuerza Por M\u00e9xico  <a href=\"https:\/\/twitter.com\/hashtag\/Oaxaca?src=hash&amp;ref_src=twsrc%5Etfw\">#Oaxaca<\/a> <a href=\"https:\/\/t.co\/RJwEUCjSIv\">pic.twitter.com\/RJwEUCjSIv<\/a><\/p>&mdash; TEEO (@TEEOax) <a href=\"https:\/\/twitter.com\/TEEOax\/status\/1444055249849831439?ref_src=twsrc%5Etfw\">1 de octubre de 2021<\/a><\/blockquote><\/div>\n<\/div><\/figure>\n\n\n\n<p>Adem\u00e1s, designaron a Marco Antonio Garc\u00eda Cruz en su lugar como subsecretario de Organizaci\u00f3n, para realizar funciones de titular, aduciendo Salom\u00e9 Mart\u00ednez:<\/p>\n\n\n\n<p>\u201cQue tu ineficacia no le permitir\u00eda avanzar en mis intereses personales dentro del partido y necesitaba un hombre que tuviera la capacidad y el talento que como mujer no ten\u00eda para sentarse y sentar a quien fuera necesario para realizar las funciones del encargo\u201d.<\/p>\n\n\n\n<p>Por estas y otras razones, el Tribunal Electoral de Oaxaca determin\u00f3 amonestar a la presidenta estatal del Partido Fuerza por M\u00e9xico.<\/p>\n\n\n\n<p>Adem\u00e1s,&nbsp; se orden\u00f3 a Salom\u00e9 Mart\u00ednez evitar actos que de manera directa o indirecta intimiden, molesten o causen da\u00f1o a la denunciante; tambi\u00e9n, que en un plazo de cinco d\u00edas h\u00e1biles, entregue a Yvette Sonia Castellanos su nombramiento como secretaria de Organizaci\u00f3n.<\/p>\n\n\n\n<p>Asimismo, se ordena a la Secretar\u00eda General de Gobierno de Oaxaca para que, conforme a sus atribuciones, ingrese a la denunciante en el Registro Estatal de V\u00edctimas, a efecto de que se le brinde la atenci\u00f3n necesaria.<\/p>\n\n\n\n<p>Tambi\u00e9n, que la denunciada, Salom\u00e9 Mart\u00ednez, sea ingresada en el registro de personas que cometieron violencia pol\u00edtica por raz\u00f3n de g\u00e9nero; tambi\u00e9n se le ordena ofrecer una disculpa p\u00fablica a trav\u00e9s de una sesi\u00f3n especial del Partido Fuerza por M\u00e9xico.<\/p>\n","protected":false},"excerpt":{"rendered":"<p>Redacci\u00f3n\/Zona Roja. Oaxaca de Ju\u00e1rez, Oax., 2 de octubre de 2021.- El Tribunal Electoral del&hellip;<\/p>\n","protected":false},"author":2,"featured_media":32704,"comment_status":"closed","ping_status":"open","sticky":false,"template":"","format":"standard","meta":{"_lmt_disableupdate":"","_lmt_disable":"","_jetpack_memberships_contains_paid_content":false,"footnotes":""},"categories":[109,47],"tags":[2369],"class_list":["post-32703","post","type-post","status-publish","format-standard","has-post-thumbnail","hentry","category-minuto-a-minuto","category-zona-gris","tag-salome-martinez-salazar"],"jetpack_featured_media_url":"https:\/\/zonaroja.com.mx\/wp-content\/uploads\/2021\/10\/Salome-Martinez-Salazar.jpg","jetpack_sharing_enabled":true,"_links":{"self":[{"href":"https:\/\/zonaroja.com.mx\/index.php?rest_route=\/wp\/v2\/posts\/32703","targetHints":{"allow":["GET"]}}],"collection":[{"href":"https:\/\/zonaroja.com.mx\/index.php?rest_route=\/wp\/v2\/posts"}],"about":[{"href":"https:\/\/zonaroja.com.mx\/index.php?rest_route=\/wp\/v2\/types\/post"}],"author":[{"embeddable":true,"href":"https:\/\/zonaroja.com.mx\/index.php?rest_route=\/wp\/v2\/users\/2"}],"replies":[{"embeddable":true,"href":"https:\/\/zonaroja.com.mx\/index.php?rest_route=%2Fwp%2Fv2%2Fcomments&post=32703"}],"version-history":[{"count":1,"href":"https:\/\/zonaroja.com.mx\/index.php?rest_route=\/wp\/v2\/posts\/32703\/revisions"}],"predecessor-version":[{"id":32705,"href":"https:\/\/zonaroja.com.mx\/index.php?rest_route=\/wp\/v2\/posts\/32703\/revisions\/32705"}],"wp:featuredmedia":[{"embeddable":true,"href":"https:\/\/zonaroja.com.mx\/index.php?rest_route=\/wp\/v2\/media\/32704"}],"wp:attachment":[{"href":"https:\/\/zonaroja.com.mx\/index.php?rest_route=%2Fwp%2Fv2%2Fmedia&parent=32703"}],"wp:term":[{"taxonomy":"category","embeddable":true,"href":"https:\/\/zonaroja.com.mx\/index.php?rest_route=%2Fwp%2Fv2%2Fcategories&post=32703"},{"taxonomy":"post_tag","embeddable":true,"href":"https:\/\/zonaroja.com.mx\/index.php?rest_route=%2Fwp%2Fv2%2Ftags&post=32703"}],"curies":[{"name":"wp","href":"https:\/\/api.w.org\/{rel}","templated":true}]}}