{"id":32706,"date":"2021-10-03T07:06:49","date_gmt":"2021-10-03T12:06:49","guid":{"rendered":"http:\/\/www.zonaroja.com.mx\/?p=32706"},"modified":"2021-10-03T07:06:53","modified_gmt":"2021-10-03T12:06:53","slug":"investigan-el-asesinato-de-un-joven-en-la-region-costa-de-oaxaca","status":"publish","type":"post","link":"https:\/\/zonaroja.com.mx\/?p=32706","title":{"rendered":"Investigan el asesinato de un joven en la regi\u00f3n Costa de Oaxaca"},"content":{"rendered":"\n<p>Redacci\u00f3n\/Zona Roja.<\/p>\n\n\n\n<p>Oaxaca de Ju\u00e1rez, Oax., 3 de octubre de 2021.- El cad\u00e1ver de un joven fue hallado este viernes en San Andr\u00e9s Huaxpaltepec, municipio de la regi\u00f3n Costa del estado de Oaxaca, con huellas de violencia.<\/p>\n\n\n\n<p>De acuerdo con datos preliminares de la Vicefiscal\u00eda Regional de la Costa, desde el jueves fue reportado como desaparecido H. S. A., de aproximadamente 23 a\u00f1os de edad.<\/p>\n\n\n\n<p>No fue sino hasta anteayer en que lo localizaron a un costado de la carretera federal 200, Pinotepa-Salina Cruz, a la altura del kil\u00f3metro 17.<\/p>\n\n\n\n<p>Al revisar, notaron que presenta diversos disparos de arma de fuego, por lo cual iniciaron las indagatorias correspondientes. El joven ten\u00eda su domicilio en el barrio El Calvario de Huaxpaltepec y a\u00fan se desconoce qui\u00e9n o qui\u00e9nes lo asesinaron.<\/p>\n\n\n\n<p>FUGA DE C\u00c1RCEL<\/p>\n\n\n\n<p>Por otra parte, un grupo armado ingres\u00f3 la madrugada del viernes a la c\u00e1rcel municipal de Huautla de Jim\u00e9nez y liber\u00f3 a un preso, presuntamente l\u00edder de una banda criminal.<\/p>\n\n\n\n<p>El hecho ocurri\u00f3 alrededor de las 03:40 horas, en que los sujetos a bordo de una unidad de motor arribaron a las instalaciones; mientras el chofer se qued\u00f3 en la unidad, al menos otros cuatro sujetos armados amagaron al \u00fanico polic\u00eda municipal y lo dejaron amarrado.<\/p>\n\n\n\n<p>Tras ello, cortaron el candado de la c\u00e1rcel y rescataron a un individuo, que la autoridad municipal ten\u00eda registrado como Hermenegildo T. C., a quien de inmediato fue trasladado a un sitio seguro del grupo armado.<\/p>\n\n\n\n<p>Tanto la Fiscal\u00eda General del Estado de Oaxaca como el ayuntamiento de Huautla han guardado hermetismo al respecto.<\/p>\n","protected":false},"excerpt":{"rendered":"<p>Redacci\u00f3n\/Zona Roja. Oaxaca de Ju\u00e1rez, Oax., 3 de octubre de 2021.- El cad\u00e1ver de un&hellip;<\/p>\n","protected":false},"author":2,"featured_media":18320,"comment_status":"closed","ping_status":"open","sticky":false,"template":"","format":"standard","meta":{"_lmt_disableupdate":"","_lmt_disable":"","_jetpack_memberships_contains_paid_content":false,"footnotes":""},"categories":[109,51],"tags":[2051],"class_list":["post-32706","post","type-post","status-publish","format-standard","has-post-thumbnail","hentry","category-minuto-a-minuto","category-zona-roja","tag-san-andres-huaxpaltepec"],"jetpack_featured_media_url":"https:\/\/zonaroja.com.mx\/wp-content\/uploads\/2020\/10\/Escena-del-crimen2.jpg","jetpack_sharing_enabled":true,"_links":{"self":[{"href":"https:\/\/zonaroja.com.mx\/index.php?rest_route=\/wp\/v2\/posts\/32706","targetHints":{"allow":["GET"]}}],"collection":[{"href":"https:\/\/zonaroja.com.mx\/index.php?rest_route=\/wp\/v2\/posts"}],"about":[{"href":"https:\/\/zonaroja.com.mx\/index.php?rest_route=\/wp\/v2\/types\/post"}],"author":[{"embeddable":true,"href":"https:\/\/zonaroja.com.mx\/index.php?rest_route=\/wp\/v2\/users\/2"}],"replies":[{"embeddable":true,"href":"https:\/\/zonaroja.com.mx\/index.php?rest_route=%2Fwp%2Fv2%2Fcomments&post=32706"}],"version-history":[{"count":1,"href":"https:\/\/zonaroja.com.mx\/index.php?rest_route=\/wp\/v2\/posts\/32706\/revisions"}],"predecessor-version":[{"id":32707,"href":"https:\/\/zonaroja.com.mx\/index.php?rest_route=\/wp\/v2\/posts\/32706\/revisions\/32707"}],"wp:featuredmedia":[{"embeddable":true,"href":"https:\/\/zonaroja.com.mx\/index.php?rest_route=\/wp\/v2\/media\/18320"}],"wp:attachment":[{"href":"https:\/\/zonaroja.com.mx\/index.php?rest_route=%2Fwp%2Fv2%2Fmedia&parent=32706"}],"wp:term":[{"taxonomy":"category","embeddable":true,"href":"https:\/\/zonaroja.com.mx\/index.php?rest_route=%2Fwp%2Fv2%2Fcategories&post=32706"},{"taxonomy":"post_tag","embeddable":true,"href":"https:\/\/zonaroja.com.mx\/index.php?rest_route=%2Fwp%2Fv2%2Ftags&post=32706"}],"curies":[{"name":"wp","href":"https:\/\/api.w.org\/{rel}","templated":true}]}}