{"id":3271,"date":"2019-08-21T18:30:17","date_gmt":"2019-08-21T23:30:17","guid":{"rendered":"http:\/\/www.zonaroja.com.mx\/?p=3271"},"modified":"2019-08-21T18:30:19","modified_gmt":"2019-08-21T23:30:19","slug":"denuncia-ayutla-incumplimiento-del-gobernador-solicita-intervencion-federal","status":"publish","type":"post","link":"https:\/\/zonaroja.com.mx\/?p=3271","title":{"rendered":"Denuncia Ayutla incumplimiento del gobernador; solicita intervenci\u00f3n federal"},"content":{"rendered":"\n<p>Evlin Arag\u00f3n\/Zona\nRoja.<\/p>\n\n\n\n<p>Oaxaca de\nJu\u00e1rez, Oax., 21 de agosto de 2019.- Autoridades municipales y agrarias del\nmunicipio de San Pedro y San Pablo Ayutla denunciaron el incumplimiento del\ngobierno de Oaxaca y su titular Alejandro Murat Hinojosa, quien se comprometi\u00f3\na asistir ayer a la localidad para encabezar la reconexi\u00f3n del servicio de agua\npotable, acci\u00f3n que no se llev\u00f3 a cabo, ya que se argument\u00f3 la falta de\ncondiciones y acuerdos.<\/p>\n\n\n\n<p>Explicaron\nque el lunes sorpresivamente fueron citados en Palacio de Gobierno para una\npl\u00e1tica, a pesar de que ese no fue el compromiso pactado con la comunidad; sin\nembargo, de buena fe se presentaron para reiterarle al mandatario que lo\nesperaban el d\u00eda martes en la comunidad a fin de restablecer el servicio de\nagua.<\/p>\n\n\n\n<p>No obstante,\ndetallaron que las autoridades insistieron en someterlos a una negociaci\u00f3n\ninfructuosa con sus agresores, espacio en el que no existi\u00f3 interlocuci\u00f3n entre\nambas autoridades, por lo que decidieron retirarse de la mesa al quedar claro\nque el compromiso realizado fue una mentira por parte del gobierno de Oaxaca,\nque tambi\u00e9n minti\u00f3 al Presidente de la Rep\u00fablica, Andr\u00e9s Manuel L\u00f3pez Obrador.<\/p>\n\n\n\n<p>En el mismo\ndocumento, desmintieron las declaraciones del mandatario estatal, quien este\nmartes en conferencia de prensa asegur\u00f3 que existen 62 minutas en las que no se\nha podido llegar a acuerdos definitivos.<\/p>\n\n\n\n<p>Por el\ncontrario, refirieron que la firmada en agosto del 2017, que contempla la\nreconexi\u00f3n de la comunidad de Ayutla al sistema de agua potable y el inicio de\nlos trabajos t\u00e9cnicos para la instalaci\u00f3n de un c\u00e1rcamo de bombeo para la\ncomunidad de Tamazul\u00e1pam, fue cumplida al pie de la letra.<\/p>\n\n\n\n<p>Sin embargo,\nfueron las autoridades de Tamazul\u00e1pam quienes incumplieron, destruyendo la\ninfraestructura hidr\u00e1ulica y rompiendo toda posibilidad de di\u00e1logo, pese a los\nmuchos intentos de las autoridades de Ayutla, quienes nuevamente firmaron una\nminuta en marzo de 2018 que contemplaba la reconexi\u00f3n al manantial de\nabastecimiento, la cual fue incumplida de nueva cuenta por los grupos violentos\nde la comunidad vecina.<\/p>\n\n\n\n<p>Con todo lo\nanterior expuesto, indicaron que es comprobada la negligencia e incluso\ncontubernio del Gobierno del Estado, principalmente a trav\u00e9s de la Secretar\u00eda\nGeneral de Gobierno y la Comisi\u00f3n Estatal del Agua, con las autoridades\nTamazul\u00e1pam Mixe, lo cual \u00fanicamente causa desestabilizaci\u00f3n en la zona.<\/p>\n\n\n\n<p>A la par que\ncriticaron que el Gobierno del Estado no dimensione que la problem\u00e1tica ahora\nrepresenta una violaci\u00f3n a derechos, que no puede solucionarse mediante el\ndi\u00e1logo cuando una de las partes recurre a actos delictivos en perjuicio de la\notra.&nbsp; <\/p>\n\n\n\n<p>\u201cEstamos\nante un acto de tortura en el que nuestros agresores usan el agua como reh\u00e9n\npara que cedamos nuestras tierras que ya nos despojaron y aparte entreguemos\nm\u00e1s, un acto de tortura que legitima el estado dando el mensaje de que un\nconflicto es sin\u00f3nimo de impunidad\u201d, refieren en el documento.<\/p>\n\n\n\n<p>Por lo\nanterior solicitaron al presidente Andr\u00e9s Manuel L\u00f3pez Obrador, enviar a la secretaria\nde Gobernaci\u00f3n, Olga S\u00e1nchez Cordero, para atender la problem\u00e1tica, a la par\nque rechazaron toda narrativa del gobierno estatal por medio de la cual\npretende lavarle las manos sobre su irresponsabilidad en la atenci\u00f3n puntual\ndel conflicto.<\/p>\n","protected":false},"excerpt":{"rendered":"<p>Evlin Arag\u00f3n\/Zona Roja. Oaxaca de Ju\u00e1rez, Oax., 21 de agosto de 2019.- Autoridades municipales y&hellip;<\/p>\n","protected":false},"author":2,"featured_media":2705,"comment_status":"closed","ping_status":"open","sticky":false,"template":"","format":"standard","meta":{"_lmt_disableupdate":"","_lmt_disable":"","_jetpack_memberships_contains_paid_content":false,"footnotes":""},"categories":[109,47],"tags":[501],"class_list":["post-3271","post","type-post","status-publish","format-standard","has-post-thumbnail","hentry","category-minuto-a-minuto","category-zona-gris","tag-san-pedro-y-san-pablo-ayutla-mixe"],"jetpack_featured_media_url":"https:\/\/zonaroja.com.mx\/wp-content\/uploads\/2019\/08\/Ayutla-Mixe-3.jpg","jetpack_sharing_enabled":true,"_links":{"self":[{"href":"https:\/\/zonaroja.com.mx\/index.php?rest_route=\/wp\/v2\/posts\/3271","targetHints":{"allow":["GET"]}}],"collection":[{"href":"https:\/\/zonaroja.com.mx\/index.php?rest_route=\/wp\/v2\/posts"}],"about":[{"href":"https:\/\/zonaroja.com.mx\/index.php?rest_route=\/wp\/v2\/types\/post"}],"author":[{"embeddable":true,"href":"https:\/\/zonaroja.com.mx\/index.php?rest_route=\/wp\/v2\/users\/2"}],"replies":[{"embeddable":true,"href":"https:\/\/zonaroja.com.mx\/index.php?rest_route=%2Fwp%2Fv2%2Fcomments&post=3271"}],"version-history":[{"count":1,"href":"https:\/\/zonaroja.com.mx\/index.php?rest_route=\/wp\/v2\/posts\/3271\/revisions"}],"predecessor-version":[{"id":3272,"href":"https:\/\/zonaroja.com.mx\/index.php?rest_route=\/wp\/v2\/posts\/3271\/revisions\/3272"}],"wp:featuredmedia":[{"embeddable":true,"href":"https:\/\/zonaroja.com.mx\/index.php?rest_route=\/wp\/v2\/media\/2705"}],"wp:attachment":[{"href":"https:\/\/zonaroja.com.mx\/index.php?rest_route=%2Fwp%2Fv2%2Fmedia&parent=3271"}],"wp:term":[{"taxonomy":"category","embeddable":true,"href":"https:\/\/zonaroja.com.mx\/index.php?rest_route=%2Fwp%2Fv2%2Fcategories&post=3271"},{"taxonomy":"post_tag","embeddable":true,"href":"https:\/\/zonaroja.com.mx\/index.php?rest_route=%2Fwp%2Fv2%2Ftags&post=3271"}],"curies":[{"name":"wp","href":"https:\/\/api.w.org\/{rel}","templated":true}]}}