{"id":32711,"date":"2021-10-03T07:30:17","date_gmt":"2021-10-03T12:30:17","guid":{"rendered":"http:\/\/www.zonaroja.com.mx\/?p=32711"},"modified":"2021-10-03T07:30:20","modified_gmt":"2021-10-03T12:30:20","slug":"cierra-septiembre-con-tres-fichas-de-alerta-rosa-por-desaparicion-de-mujeres","status":"publish","type":"post","link":"https:\/\/zonaroja.com.mx\/?p=32711","title":{"rendered":"Cierra septiembre con tres fichas de Alerta Rosa por desaparici\u00f3n de mujeres"},"content":{"rendered":"\n<p>Evlin Arag\u00f3n\/Zona Roja.<\/p>\n\n\n\n<p>Oaxaca de Ju\u00e1rez, Oax., 3 de octubre de 2021.- El mes de septiembre cerr\u00f3 con al menos tres fichas de Alerta Rosa para localizar al mismo n\u00famero de mujeres menores de edad, desaparecidas en las regiones de la Costa y Valles Centrales.&nbsp;<\/p>\n\n\n\n<p>Se trata Natali Nicole Pazos Aguilar, de nueve a\u00f1os de edad, quien fue vista por \u00faltima vez el 29 de septiembre en inmediaciones de Playa Pante\u00f3n en el municipio de San Pedro Pochutla.&nbsp;<\/p>\n\n\n\n<p>De acuerdo con el reporte, la menor viste pantal\u00f3n color gris y blusa blanca; adem\u00e1s cuenta con una cicatriz en el brazo izquierdo a la altura del codo, como se\u00f1a particular.&nbsp;<\/p>\n\n\n\n<p>En calidad de no localizada tambi\u00e9n se encuentra Xiomara Angelis Carriedo Rodr\u00edguez, de 17 a\u00f1os de edad, quien fue vista por \u00faltima vez el 28 de septiembre en jurisdicci\u00f3n del municipio de Santa Cruz Xoxocotl\u00e1n.&nbsp;<\/p>\n\n\n\n<p>La joven iba en compa\u00f1\u00eda de su peque\u00f1a hija Mirella N.N., de tan solo dos a\u00f1os de edad, por quien tambi\u00e9n se ha emitido la respectiva ficha de b\u00fasqueda para dar con su paradero.&nbsp;&nbsp;<\/p>\n\n\n\n<p>A dichas desapariciones se suma la de Mar\u00eda Leilani Sampeiro Ortiz, de 13 a\u00f1os de edad, cuyo rastro se perdi\u00f3 el pasado 25 de septiembre en la localidad de Santa Mar\u00eda Colotepec, perteneciente a la costa oaxaque\u00f1a.<\/p>\n\n\n\n<p>As\u00ed mismo la de Marisol Chadomi Nataren, de 15 a\u00f1os, quien fue vista por \u00faltima vez el 22 de septiembre en Ciudad Ixtepec, municipio perteneciente a la regi\u00f3n del Istmo de Tehuantepec.<\/p>\n\n\n\n<p>En la misma localidad, pero a inicios de mes, fueron reportadas como no localizadas Janet Esperanza Pineda Aguilar, de 25 a\u00f1os y su peque\u00f1a hija Natali Leylani Guzm\u00e1n Pineda, por lo que se mantiene activa la ficha de b\u00fasqueda por parte de las autoridades. &nbsp;<\/p>\n\n\n\n<p>Previamente a finales de agosto fueron reportadas como desaparecidas Dalia Ju\u00e1rez Almaraz, de 18 a\u00f1os de edad; Rosario Garc\u00eda Zaragoza, de 22; Sioxsie Marlene L\u00f3pez Palma, de 21 a\u00f1os, quien adem\u00e1s va en compa\u00f1\u00eda de su peque\u00f1o hijo de nombre Tadeo; quienes fueron vistas por \u00faltima vez en las localidades de Santa Mar\u00eda Tonameca, Huautla de Jim\u00e9nez y Huajuapan de Le\u00f3n.<\/p>\n\n\n\n<p>De igual forma Berenice Cruz Hern\u00e1ndez, de 36 a\u00f1os, quien desapareci\u00f3 en inmediaciones de Santa Mar\u00eda Yaviche; y Mar\u00eda Guadalupe L\u00f3pez Hern\u00e1ndez, de 10 a\u00f1os, de quien se perdi\u00f3 el rastro a finales del mes de agosto en Ocotl\u00e1n de Morelos.&nbsp;<\/p>\n","protected":false},"excerpt":{"rendered":"<p>Evlin Arag\u00f3n\/Zona Roja. Oaxaca de Ju\u00e1rez, Oax., 3 de octubre de 2021.- El mes de&hellip;<\/p>\n","protected":false},"author":2,"featured_media":32712,"comment_status":"closed","ping_status":"open","sticky":false,"template":"","format":"standard","meta":{"_lmt_disableupdate":"","_lmt_disable":"","_jetpack_memberships_contains_paid_content":false,"footnotes":""},"categories":[109,47],"tags":[455],"class_list":["post-32711","post","type-post","status-publish","format-standard","has-post-thumbnail","hentry","category-minuto-a-minuto","category-zona-gris","tag-mujeres-desaparecidas-oaxaca"],"jetpack_featured_media_url":"https:\/\/zonaroja.com.mx\/wp-content\/uploads\/2021\/10\/Desaparecidas-Oaxaca.jpg","jetpack_sharing_enabled":true,"_links":{"self":[{"href":"https:\/\/zonaroja.com.mx\/index.php?rest_route=\/wp\/v2\/posts\/32711","targetHints":{"allow":["GET"]}}],"collection":[{"href":"https:\/\/zonaroja.com.mx\/index.php?rest_route=\/wp\/v2\/posts"}],"about":[{"href":"https:\/\/zonaroja.com.mx\/index.php?rest_route=\/wp\/v2\/types\/post"}],"author":[{"embeddable":true,"href":"https:\/\/zonaroja.com.mx\/index.php?rest_route=\/wp\/v2\/users\/2"}],"replies":[{"embeddable":true,"href":"https:\/\/zonaroja.com.mx\/index.php?rest_route=%2Fwp%2Fv2%2Fcomments&post=32711"}],"version-history":[{"count":1,"href":"https:\/\/zonaroja.com.mx\/index.php?rest_route=\/wp\/v2\/posts\/32711\/revisions"}],"predecessor-version":[{"id":32713,"href":"https:\/\/zonaroja.com.mx\/index.php?rest_route=\/wp\/v2\/posts\/32711\/revisions\/32713"}],"wp:featuredmedia":[{"embeddable":true,"href":"https:\/\/zonaroja.com.mx\/index.php?rest_route=\/wp\/v2\/media\/32712"}],"wp:attachment":[{"href":"https:\/\/zonaroja.com.mx\/index.php?rest_route=%2Fwp%2Fv2%2Fmedia&parent=32711"}],"wp:term":[{"taxonomy":"category","embeddable":true,"href":"https:\/\/zonaroja.com.mx\/index.php?rest_route=%2Fwp%2Fv2%2Fcategories&post=32711"},{"taxonomy":"post_tag","embeddable":true,"href":"https:\/\/zonaroja.com.mx\/index.php?rest_route=%2Fwp%2Fv2%2Ftags&post=32711"}],"curies":[{"name":"wp","href":"https:\/\/api.w.org\/{rel}","templated":true}]}}