{"id":32720,"date":"2021-10-03T14:51:11","date_gmt":"2021-10-03T19:51:11","guid":{"rendered":"http:\/\/www.zonaroja.com.mx\/?p=32720"},"modified":"2021-10-03T14:51:15","modified_gmt":"2021-10-03T19:51:15","slug":"menores-de-edad-podran-elegir-su-identidad-de-genero-reforman-codigo-civil-de-oaxaca","status":"publish","type":"post","link":"https:\/\/zonaroja.com.mx\/?p=32720","title":{"rendered":"Menores de edad podr\u00e1n elegir su identidad de g\u00e9nero; reforman C\u00f3digo Civil de Oaxaca"},"content":{"rendered":"\n<p>Redacci\u00f3n\/Zona Roja.<\/p>\n\n\n\n<p>Oaxaca de Ju\u00e1rez, Oax., 3 de octubre de 2021. En un hecho hist\u00f3rico en Oaxaca, las y los adolescentes mayores de 12 a\u00f1os, podr\u00e1n modificar la identidad de g\u00e9nero en su acta de nacimiento mediante un proceso administrativo.<\/p>\n\n\n\n<p>Esto luego de que la 64 Legislatura local aprobara la iniciativa de la diputada por Morena, Magaly L\u00f3pez Dom\u00ednguez, que garantiza el reconocimiento de la identidad de g\u00e9nero a menores de edad, en el ejercicio al libre desarrollo de la personalidad.<\/p>\n\n\n\n<p>Mediante la reforma al C\u00f3digo Civil, en sus art\u00edculos 137, 137 Bis y 137 Qu\u00e1ter, ahora se establece que para hacer efectivo este derecho a la persona adolescente, los tutores del menor deben acudir a la Oficial\u00eda del Registro Civil, para manifestar su decisi\u00f3n respecto al g\u00e9nero con el que quiere ser identificado en su acta de nacimiento.<\/p>\n\n\n\n<p>Trat\u00e1ndose de personas menores de edad, el Registro Civil, con el apoyo de la Procuradur\u00eda Estatal de Protecci\u00f3n de los Derechos de Ni\u00f1as, Ni\u00f1os y Adolescentes de Oaxaca, deber\u00e1n recabar el consentimiento informado, en el que el o la adolescente exteriorice su deseo y conozca los alcances del tr\u00e1mite.<\/p>\n\n\n\n<p>Cuando por cualquier causa se niegue o sea imposible obtener el consentimiento del padre, la madre o la persona que tenga la custodia legal del menor de edad, el o la adolescente podr\u00e1 acudir ante la Procuradur\u00eda Estatal de Protecci\u00f3n de los Derechos de Ni\u00f1as, Ni\u00f1os y Adolescentes de Oaxaca.<\/p>\n\n\n\n<p>Instancia que deber\u00e1 prestarle asistencia legal para recurrir a la v\u00eda jurisdiccional, y en consecuencia sean los y las juezas quienes teniendo en cuenta los principios de capacidad progresiva e inter\u00e9s superior de la ni\u00f1ez resuelvan sobre dicha negativa o falta de consentimiento.<\/p>\n\n\n\n<p>La diputada Magaly L\u00f3pez Dom\u00ednguez se\u00f1al\u00f3 que la reforma al C\u00f3digo Civil, busca eliminar cualquier motivo de discriminaci\u00f3n u obst\u00e1culo en la lucha por la que toda persona pueda ser reconocida en sociedad de acuerdo con su autopercepci\u00f3n, en cualquier parte y a cualquier edad que lo desee.<\/p>\n\n\n\n<p>Aclar\u00f3 que con esta reforma no se crea un derecho, m\u00e1s bien se reconoce el derecho a la identidad que ya existe, la diferencia es que ahora las familias no enfrentar\u00e1n un juicio para lograr obtener un acta de nacimiento de su hijo o hija trans, a partir de estas modificaciones jur\u00eddicas podr\u00e1n obtener este documento mediante un breve proceso administrativo.<\/p>\n\n\n\n<p>La Reforma al C\u00f3digo Civil presentada por la tambi\u00e9n presidenta de la Comisi\u00f3n Permanente de Derechos Humanos del Congreso \u00f1ocal, Magaly L\u00f3pez Dom\u00ednguez, entrar\u00e1 en vigor luego de su publicaci\u00f3n en el Peri\u00f3dico Oficial del Estado de Oaxaca.<\/p>\n","protected":false},"excerpt":{"rendered":"<p>Redacci\u00f3n\/Zona Roja. Oaxaca de Ju\u00e1rez, Oax., 3 de octubre de 2021. En un hecho hist\u00f3rico&hellip;<\/p>\n","protected":false},"author":2,"featured_media":30439,"comment_status":"closed","ping_status":"open","sticky":false,"template":"","format":"standard","meta":{"_lmt_disableupdate":"","_lmt_disable":"","_jetpack_memberships_contains_paid_content":false,"footnotes":""},"categories":[109,47],"tags":[192],"class_list":["post-32720","post","type-post","status-publish","format-standard","has-post-thumbnail","hentry","category-minuto-a-minuto","category-zona-gris","tag-diputada-magaly-lopez-dominguez"],"jetpack_featured_media_url":"https:\/\/zonaroja.com.mx\/wp-content\/uploads\/2021\/08\/Diputada-Magaly-Lopez.jpeg","jetpack_sharing_enabled":true,"_links":{"self":[{"href":"https:\/\/zonaroja.com.mx\/index.php?rest_route=\/wp\/v2\/posts\/32720","targetHints":{"allow":["GET"]}}],"collection":[{"href":"https:\/\/zonaroja.com.mx\/index.php?rest_route=\/wp\/v2\/posts"}],"about":[{"href":"https:\/\/zonaroja.com.mx\/index.php?rest_route=\/wp\/v2\/types\/post"}],"author":[{"embeddable":true,"href":"https:\/\/zonaroja.com.mx\/index.php?rest_route=\/wp\/v2\/users\/2"}],"replies":[{"embeddable":true,"href":"https:\/\/zonaroja.com.mx\/index.php?rest_route=%2Fwp%2Fv2%2Fcomments&post=32720"}],"version-history":[{"count":1,"href":"https:\/\/zonaroja.com.mx\/index.php?rest_route=\/wp\/v2\/posts\/32720\/revisions"}],"predecessor-version":[{"id":32721,"href":"https:\/\/zonaroja.com.mx\/index.php?rest_route=\/wp\/v2\/posts\/32720\/revisions\/32721"}],"wp:featuredmedia":[{"embeddable":true,"href":"https:\/\/zonaroja.com.mx\/index.php?rest_route=\/wp\/v2\/media\/30439"}],"wp:attachment":[{"href":"https:\/\/zonaroja.com.mx\/index.php?rest_route=%2Fwp%2Fv2%2Fmedia&parent=32720"}],"wp:term":[{"taxonomy":"category","embeddable":true,"href":"https:\/\/zonaroja.com.mx\/index.php?rest_route=%2Fwp%2Fv2%2Fcategories&post=32720"},{"taxonomy":"post_tag","embeddable":true,"href":"https:\/\/zonaroja.com.mx\/index.php?rest_route=%2Fwp%2Fv2%2Ftags&post=32720"}],"curies":[{"name":"wp","href":"https:\/\/api.w.org\/{rel}","templated":true}]}}