{"id":32732,"date":"2021-10-03T21:32:46","date_gmt":"2021-10-04T02:32:46","guid":{"rendered":"http:\/\/www.zonaroja.com.mx\/?p=32732"},"modified":"2021-10-03T21:32:49","modified_gmt":"2021-10-04T02:32:49","slug":"semana-previa-a-iniciar-en-verde-1921-casos-positivos-y-87-decesos-en-oaxaca","status":"publish","type":"post","link":"https:\/\/zonaroja.com.mx\/?p=32732","title":{"rendered":"Semana previa a iniciar en verde: 1,921 casos positivos y 87 decesos en Oaxaca"},"content":{"rendered":"\n<p>Redacci\u00f3n\/Zona Roja.<\/p>\n\n\n\n<p>Oaxaca de Ju\u00e1rez, Oax., 3 de octubre de 2021.- Del 26 de septiembre al 2 de octubre, el estado registr\u00f3 un acumulado de 77 mil 433 casos confirmados del SARS-CoV-2, observando un aumento con respecto a la semana anterior, al pasar de mil 867 a mil 921 registros esta semana.<\/p>\n\n\n\n<p>Asimismo, durante esta semana se reportaron 87 desafortunados decesos a causa de este coronavirus, confirm\u00f3 la dependencia Servicios de Salud de Oaxaca (SSO), a trav\u00e9s de un comunicado de prensa.<\/p>\n\n\n\n<p>Agreg\u00f3 que referente a la ocupaci\u00f3n de la red m\u00e9dica para la atenci\u00f3n de pacientes con esta patolog\u00eda respiratoria, el promedio fue de 52.6% de manera general.<\/p>\n\n\n\n<p>Precis\u00f3 que, respecto a la Estrategia de la Pol\u00edtica Nacional de Vacunaci\u00f3n contra el virus SARS-CoV-2 para la prevenci\u00f3n de la Covid-19 en M\u00e9xico, durante los \u00faltimos siete d\u00edas se aplicaron un total de 56 mil 302 dosis en la lucha contra la pandemia.<\/p>\n\n\n\n<figure class=\"wp-block-embed-twitter wp-block-embed is-type-rich is-provider-twitter\"><div class=\"wp-block-embed__wrapper\">\n<div class=\"twitter-tweet\"><blockquote class=\"twitter-tweet\" data-lang=\"es\"><p lang=\"es\" dir=\"ltr\">Informe de los <a href=\"https:\/\/twitter.com\/SSO_GobOax?ref_src=twsrc%5Etfw\">@SSO_GobOax<\/a> respecto al sem\u00e1foro de riesgo epidemiol\u00f3gico de la COVID-19 en Oaxaca. Sigue la transmisi\u00f3n por el siguiente link: <a href=\"https:\/\/t.co\/m9159lGchX\">https:\/\/t.co\/m9159lGchX<\/a><\/p>&mdash; CORTV (@cortv) <a href=\"https:\/\/twitter.com\/cortv\/status\/1444814976904990720?ref_src=twsrc%5Etfw\">4 de octubre de 2021<\/a><\/blockquote><\/div>\n<\/div><\/figure>\n\n\n\n<p>De las cuales, dos mil 347 vacunas de la farmac\u00e9utica Sinovac y 480 de AstraZeneca se otorgaron en la Costa, 12 mil 228 biol\u00f3gicos de Pfizer-BioNTech en el Istmo de Tehuantepec, en tanto, en Valles Centrales fueron 41 mil 202 de AstraZeneca y 45 inmunol\u00f3gicos aplicados en el Consejo de Tutela para Menores Infractores en el Estado de Oaxaca.<\/p>\n\n\n\n<p>La instituci\u00f3n advirti\u00f3 que est\u00e1 comprobado que a mayor movilidad de la poblaci\u00f3n se incrementa la propagaci\u00f3n del virus, por ello, recalc\u00f3 que mantener a Oaxaca en el sem\u00e1foro epidemiol\u00f3gico color verde depende de toda la poblaci\u00f3n.<\/p>\n\n\n\n<p>\u201cCon disciplina y responsabilidad se podr\u00e1 avanzar hacia la nueva normalidad y no generar una nueva ola de contagios que ponga al l\u00edmite la saturaci\u00f3n hospitalaria, \u00a1Si te cuidas t\u00fa, nos cuidamos todas y todos!\u201d, concluy\u00f3.<\/p>\n","protected":false},"excerpt":{"rendered":"<p>Redacci\u00f3n\/Zona Roja. Oaxaca de Ju\u00e1rez, Oax., 3 de octubre de 2021.- Del 26 de septiembre&hellip;<\/p>\n","protected":false},"author":2,"featured_media":32733,"comment_status":"closed","ping_status":"open","sticky":false,"template":"","format":"standard","meta":{"_lmt_disableupdate":"","_lmt_disable":"","_jetpack_memberships_contains_paid_content":false,"footnotes":""},"categories":[109,47],"tags":[1512],"class_list":["post-32732","post","type-post","status-publish","format-standard","has-post-thumbnail","hentry","category-minuto-a-minuto","category-zona-gris","tag-coronavirus-oaxaca"],"jetpack_featured_media_url":"https:\/\/zonaroja.com.mx\/wp-content\/uploads\/2021\/10\/Sanitizacion-Oaxaca-Covid.jpg","jetpack_sharing_enabled":true,"_links":{"self":[{"href":"https:\/\/zonaroja.com.mx\/index.php?rest_route=\/wp\/v2\/posts\/32732","targetHints":{"allow":["GET"]}}],"collection":[{"href":"https:\/\/zonaroja.com.mx\/index.php?rest_route=\/wp\/v2\/posts"}],"about":[{"href":"https:\/\/zonaroja.com.mx\/index.php?rest_route=\/wp\/v2\/types\/post"}],"author":[{"embeddable":true,"href":"https:\/\/zonaroja.com.mx\/index.php?rest_route=\/wp\/v2\/users\/2"}],"replies":[{"embeddable":true,"href":"https:\/\/zonaroja.com.mx\/index.php?rest_route=%2Fwp%2Fv2%2Fcomments&post=32732"}],"version-history":[{"count":1,"href":"https:\/\/zonaroja.com.mx\/index.php?rest_route=\/wp\/v2\/posts\/32732\/revisions"}],"predecessor-version":[{"id":32734,"href":"https:\/\/zonaroja.com.mx\/index.php?rest_route=\/wp\/v2\/posts\/32732\/revisions\/32734"}],"wp:featuredmedia":[{"embeddable":true,"href":"https:\/\/zonaroja.com.mx\/index.php?rest_route=\/wp\/v2\/media\/32733"}],"wp:attachment":[{"href":"https:\/\/zonaroja.com.mx\/index.php?rest_route=%2Fwp%2Fv2%2Fmedia&parent=32732"}],"wp:term":[{"taxonomy":"category","embeddable":true,"href":"https:\/\/zonaroja.com.mx\/index.php?rest_route=%2Fwp%2Fv2%2Fcategories&post=32732"},{"taxonomy":"post_tag","embeddable":true,"href":"https:\/\/zonaroja.com.mx\/index.php?rest_route=%2Fwp%2Fv2%2Ftags&post=32732"}],"curies":[{"name":"wp","href":"https:\/\/api.w.org\/{rel}","templated":true}]}}