{"id":32735,"date":"2021-10-03T22:12:12","date_gmt":"2021-10-04T03:12:12","guid":{"rendered":"http:\/\/www.zonaroja.com.mx\/?p=32735"},"modified":"2021-10-03T22:12:16","modified_gmt":"2021-10-04T03:12:16","slug":"reprueba-iglesia-de-oaxaca-legalizacion-del-aborto-si-a-la-vida-se-pronuncia","status":"publish","type":"post","link":"https:\/\/zonaroja.com.mx\/?p=32735","title":{"rendered":"Reprueba iglesia de Oaxaca legalizaci\u00f3n del aborto; s\u00ed a la vida, se pronuncia"},"content":{"rendered":"\n<p>Redacci\u00f3n\/Zona Roja.<\/p>\n\n\n\n<p>Oaxaca de Ju\u00e1rez, Oax., 3 de octubre de 2021.- \u201cEs un ambiente de piedad, de religiosidad, para pedir a Dios que nos llene de sus bendiciones y que nos cuide y nos proteja y nos siga iluminando para que todos sepamos cuidar nuestra vida y la de los dem\u00e1s.<\/p>\n\n\n\n<p>\u201cNo es algo que quiera ofender a los dem\u00e1s, sino manifestaci\u00f3n de fe y de la vida, la invitaci\u00f3n de ser respetuosos de la mujer todos nosotros. Porque gracias a la mujer venimos al mundo; vamos a manifestarnos con entusiasmo por la vida y un respeto muy grande a la mujer\u201d.<\/p>\n\n\n\n<p>Son las palabras del Arzobispo de Antequera Oaxaca, Pedro V\u00e1zquez Villalobos, quien al mediod\u00eda de este domingo encabez\u00f3 una procesi\u00f3n con cientos de feligreses, de la fuente de las Ocho Regiones hacia la Bas\u00edlica de la Soledad, en el Centro Hist\u00f3rico de la capital.<\/p>\n\n\n\n<p>La movilizaci\u00f3n fue en el marco de la jornada nacional en contra del aborto y a favor de la vida; en la Ciudad de M\u00e9xico fue la concentraci\u00f3n mayoritaria, a la cual Oaxaca envi\u00f3 una representaci\u00f3n.<\/p>\n\n\n\n<p>Adem\u00e1s, pidieron a Dios por la crisis social que se vive en Oaxaca, el pa\u00eds y el mundo entero y m\u00e1s en donde se permite la interrupci\u00f3n del embarazo y se atenta contra las mujeres, expusieron.<\/p>\n\n\n\n<figure class=\"wp-block-embed-twitter wp-block-embed is-type-rich is-provider-twitter\"><div class=\"wp-block-embed__wrapper\">\n<div class=\"twitter-tweet\"><blockquote class=\"twitter-tweet\" data-lang=\"es\"><p lang=\"es\" dir=\"ltr\"><a href=\"https:\/\/twitter.com\/hashtag\/ENVIVO?src=hash&amp;ref_src=twsrc%5Etfw\">#ENVIVO<\/a> <br>Oaxaca de Ju\u00e1rez, Oax., 3 de octubre de 2021.- Procesi\u00f3n a favor de la vida, de la fuente de las Ocho Regiones hacia el centro. Encabeza el Arzobispo Pedro V\u00e1zquez Villalobos.<br>Siga aqu\u00ed la transmisi\u00f3n:<br>\ud83d\udc47<a href=\"https:\/\/t.co\/KujXzgaXpu\">https:\/\/t.co\/KujXzgaXpu<\/a> <a href=\"https:\/\/t.co\/zFO304PiCB\">pic.twitter.com\/zFO304PiCB<\/a><\/p>&mdash; Zona Roja Oaxaca (@Zona_Roja_Oax) <a href=\"https:\/\/twitter.com\/Zona_Roja_Oax\/status\/1444712390025564166?ref_src=twsrc%5Etfw\">3 de octubre de 2021<\/a><\/blockquote><\/div>\n<\/div><\/figure>\n\n\n\n<p>V\u00e1squez Villalobos, durante su pronunciamiento, lament\u00f3 que en M\u00e9xico se cuenten ya con leyes que permiten que las mujeres abortan con toda la facilidad.<\/p>\n\n\n\n<p>Por ello dijo, es importante que se respeta el derecho que tienen quienes est\u00e1n por nacer.<\/p>\n\n\n\n<p>Por lo anterior, llam\u00f3 a la sociedad a reflexionar y analizar a detalle lo que sucede en estos tiempos donde se atenta contra la vida de un ser humano, por ello dijo, es importante cambiar las actitudes de las personas para que mejore nuestra sociedad.<\/p>\n\n\n\n<p>Recientemente, el Congreso de Oaxaca aprob\u00f3 que la protecci\u00f3n a la vida a cargo del Estado iniciar\u00e1 a partir del nacimiento y no de la concepci\u00f3n por lo cual con esta nueva reforma se quita el estatus de persona a un embri\u00f3n, feto y la uni\u00f3n de un \u00f3vulo y un espermatozoide no se considera el inicio de la vida.<\/p>\n\n\n\n<figure class=\"wp-block-embed-twitter wp-block-embed is-type-rich is-provider-twitter\"><div class=\"wp-block-embed__wrapper\">\n<div class=\"twitter-tweet\"><blockquote class=\"twitter-tweet\" data-lang=\"es\"><p lang=\"es\" dir=\"ltr\"><a href=\"https:\/\/twitter.com\/hashtag\/%C3%9AltimoMinuto?src=hash&amp;ref_src=twsrc%5Etfw\">#\u00daltimoMinuto<\/a> <br>Llega el Arzobispo de Antequera Oaxaca, Pedro V\u00e1zquez Villalobos, a la fuente de las Ocho Regiones, de d\u00f3nde saldr\u00e1 la procesi\u00f3n a favor de la vida hacia el centro de la ciudad de <a href=\"https:\/\/twitter.com\/hashtag\/Oaxaca?src=hash&amp;ref_src=twsrc%5Etfw\">#Oaxaca<\/a>. <a href=\"https:\/\/t.co\/hqiehyihq2\">pic.twitter.com\/hqiehyihq2<\/a><\/p>&mdash; Zona Roja Oaxaca (@Zona_Roja_Oax) <a href=\"https:\/\/twitter.com\/Zona_Roja_Oax\/status\/1444703350038024192?ref_src=twsrc%5Etfw\">3 de octubre de 2021<\/a><\/blockquote><\/div>\n<\/div><\/figure>\n","protected":false},"excerpt":{"rendered":"<p>Redacci\u00f3n\/Zona Roja. Oaxaca de Ju\u00e1rez, Oax., 3 de octubre de 2021.- \u201cEs un ambiente de&hellip;<\/p>\n","protected":false},"author":2,"featured_media":32736,"comment_status":"closed","ping_status":"open","sticky":false,"template":"","format":"standard","meta":{"_lmt_disableupdate":"","_lmt_disable":"","_jetpack_memberships_contains_paid_content":false,"footnotes":""},"categories":[109,46],"tags":[2219],"class_list":["post-32735","post","type-post","status-publish","format-standard","has-post-thumbnail","hentry","category-minuto-a-minuto","category-zona-blanca","tag-arzobispo-pedro-vazquez-villalobos"],"jetpack_featured_media_url":"https:\/\/zonaroja.com.mx\/wp-content\/uploads\/2021\/10\/Marcha-arzobispo-iglesia-Oaxaca.jpg","jetpack_sharing_enabled":true,"_links":{"self":[{"href":"https:\/\/zonaroja.com.mx\/index.php?rest_route=\/wp\/v2\/posts\/32735","targetHints":{"allow":["GET"]}}],"collection":[{"href":"https:\/\/zonaroja.com.mx\/index.php?rest_route=\/wp\/v2\/posts"}],"about":[{"href":"https:\/\/zonaroja.com.mx\/index.php?rest_route=\/wp\/v2\/types\/post"}],"author":[{"embeddable":true,"href":"https:\/\/zonaroja.com.mx\/index.php?rest_route=\/wp\/v2\/users\/2"}],"replies":[{"embeddable":true,"href":"https:\/\/zonaroja.com.mx\/index.php?rest_route=%2Fwp%2Fv2%2Fcomments&post=32735"}],"version-history":[{"count":1,"href":"https:\/\/zonaroja.com.mx\/index.php?rest_route=\/wp\/v2\/posts\/32735\/revisions"}],"predecessor-version":[{"id":32737,"href":"https:\/\/zonaroja.com.mx\/index.php?rest_route=\/wp\/v2\/posts\/32735\/revisions\/32737"}],"wp:featuredmedia":[{"embeddable":true,"href":"https:\/\/zonaroja.com.mx\/index.php?rest_route=\/wp\/v2\/media\/32736"}],"wp:attachment":[{"href":"https:\/\/zonaroja.com.mx\/index.php?rest_route=%2Fwp%2Fv2%2Fmedia&parent=32735"}],"wp:term":[{"taxonomy":"category","embeddable":true,"href":"https:\/\/zonaroja.com.mx\/index.php?rest_route=%2Fwp%2Fv2%2Fcategories&post=32735"},{"taxonomy":"post_tag","embeddable":true,"href":"https:\/\/zonaroja.com.mx\/index.php?rest_route=%2Fwp%2Fv2%2Ftags&post=32735"}],"curies":[{"name":"wp","href":"https:\/\/api.w.org\/{rel}","templated":true}]}}