{"id":32741,"date":"2021-10-04T07:31:36","date_gmt":"2021-10-04T12:31:36","guid":{"rendered":"http:\/\/www.zonaroja.com.mx\/?p=32741"},"modified":"2021-10-04T07:31:39","modified_gmt":"2021-10-04T12:31:39","slug":"anuncia-gobierno-de-oaxaca-ajuste-en-mas-de-300-plazas-de-44-dependencias","status":"publish","type":"post","link":"https:\/\/zonaroja.com.mx\/?p=32741","title":{"rendered":"Anuncia gobierno de Oaxaca ajuste en m\u00e1s de 300 plazas de 44 dependencias"},"content":{"rendered":"\n<p>Redacci\u00f3n\/Zona Roja.<\/p>\n\n\n\n<p>Oaxaca de Ju\u00e1rez, Oax. 3 de octubre de 2021.- El gobernador de Oaxaca, Alejandro Murat Hinojosa, anunci\u00f3 la estrategia que implementar\u00e1 su administraci\u00f3n para optimizar y economizar recursos financieros.<\/p>\n\n\n\n<p>Detall\u00f3 que se tom\u00f3 la decisi\u00f3n de hacer ajustes estrat\u00e9gicos en m\u00e1s de 300 plazas de trabajo de 44 dependencias y entidades del Poder Ejecutivo del estado, lo que significar\u00eda un ahorro anual a las finanzas p\u00fablicas de m\u00e1s de 123 millones de pesos.<\/p>\n\n\n\n<p>En un comunicado de prensa, inform\u00f3 que ello es ante \u201cla necesidad de adaptarse a los nuevos tiempos econ\u00f3micos de M\u00e9xico, as\u00ed como a los criterios de austeridad del Gobierno de la Rep\u00fablica que condujeron a un recorte presupuestal para nuestro estado.<\/p>\n\n\n\n<p>\u201cEstamos actuando con total responsabilidad; haciendo los ajustes necesarios, respetando las labores administrativas y operativas dedicadas a la actividad educativa; tambi\u00e9n, aquellas \u00e1reas cuyo funcionamiento es esencial para la buena marcha del gobierno y, en consecuencia, del desarrollo y bienestar del pueblo Oaxaca\u201d, se\u00f1al\u00f3.<\/p>\n\n\n\n<p>Para lograr esta proyecci\u00f3n de ahorro, dijo, se ajustaron posiciones y se hicieron las fusiones necesarias en las estructuras org\u00e1nicas de entidades y dependencias de la administraci\u00f3n p\u00fablica, con estricto apego a las atribuciones que los ordenamientos correspondientes se\u00f1alan.<\/p>\n\n\n\n<p>Asimismo, enfatiz\u00f3 que las&nbsp;labores, servicios, tr\u00e1mites y funciones sustantivas del gobierno para&nbsp; las y los oaxaque\u00f1os seguir\u00e1n ofreci\u00e9ndose de manera eficaz y eficiente, \u201ca la altura de una administraci\u00f3n que crea, construye y crece, de acuerdo a los nuevos tiempos que M\u00e9xico y Oaxaca exigen\u201d.<\/p>\n","protected":false},"excerpt":{"rendered":"<p>Redacci\u00f3n\/Zona Roja. Oaxaca de Ju\u00e1rez, Oax. 3 de octubre de 2021.- El gobernador de Oaxaca,&hellip;<\/p>\n","protected":false},"author":2,"featured_media":9974,"comment_status":"closed","ping_status":"open","sticky":false,"template":"","format":"standard","meta":{"_lmt_disableupdate":"","_lmt_disable":"","_jetpack_memberships_contains_paid_content":false,"footnotes":""},"categories":[109,47],"tags":[173],"class_list":["post-32741","post","type-post","status-publish","format-standard","has-post-thumbnail","hentry","category-minuto-a-minuto","category-zona-gris","tag-alejandro-murat-hinojosa"],"jetpack_featured_media_url":"https:\/\/zonaroja.com.mx\/wp-content\/uploads\/2020\/03\/IMG_1262.jpg","jetpack_sharing_enabled":true,"_links":{"self":[{"href":"https:\/\/zonaroja.com.mx\/index.php?rest_route=\/wp\/v2\/posts\/32741","targetHints":{"allow":["GET"]}}],"collection":[{"href":"https:\/\/zonaroja.com.mx\/index.php?rest_route=\/wp\/v2\/posts"}],"about":[{"href":"https:\/\/zonaroja.com.mx\/index.php?rest_route=\/wp\/v2\/types\/post"}],"author":[{"embeddable":true,"href":"https:\/\/zonaroja.com.mx\/index.php?rest_route=\/wp\/v2\/users\/2"}],"replies":[{"embeddable":true,"href":"https:\/\/zonaroja.com.mx\/index.php?rest_route=%2Fwp%2Fv2%2Fcomments&post=32741"}],"version-history":[{"count":1,"href":"https:\/\/zonaroja.com.mx\/index.php?rest_route=\/wp\/v2\/posts\/32741\/revisions"}],"predecessor-version":[{"id":32742,"href":"https:\/\/zonaroja.com.mx\/index.php?rest_route=\/wp\/v2\/posts\/32741\/revisions\/32742"}],"wp:featuredmedia":[{"embeddable":true,"href":"https:\/\/zonaroja.com.mx\/index.php?rest_route=\/wp\/v2\/media\/9974"}],"wp:attachment":[{"href":"https:\/\/zonaroja.com.mx\/index.php?rest_route=%2Fwp%2Fv2%2Fmedia&parent=32741"}],"wp:term":[{"taxonomy":"category","embeddable":true,"href":"https:\/\/zonaroja.com.mx\/index.php?rest_route=%2Fwp%2Fv2%2Fcategories&post=32741"},{"taxonomy":"post_tag","embeddable":true,"href":"https:\/\/zonaroja.com.mx\/index.php?rest_route=%2Fwp%2Fv2%2Ftags&post=32741"}],"curies":[{"name":"wp","href":"https:\/\/api.w.org\/{rel}","templated":true}]}}