{"id":32743,"date":"2021-10-04T07:43:23","date_gmt":"2021-10-04T12:43:23","guid":{"rendered":"http:\/\/www.zonaroja.com.mx\/?p=32743"},"modified":"2021-10-04T07:48:08","modified_gmt":"2021-10-04T12:48:08","slug":"opinion-francisco-garcia-y-el-fracaso-de-la-politica-interna-del-estado","status":"publish","type":"post","link":"https:\/\/zonaroja.com.mx\/?p=32743","title":{"rendered":"Opini\u00f3n. Francisco Garc\u00eda y el fracaso de la pol\u00edtica interna del estado"},"content":{"rendered":"\n<p>Ismael Garc\u00eda M.\/Zona Roja.<\/p>\n\n\n\n<p>Oaxaca de Ju\u00e1rez, Oax., 4 de octubre de 2021.- No ha cumplido un a\u00f1o en el cargo, pero ya la ingobernabilidad es una pesada losa para Francisco Garc\u00eda L\u00f3pez, que de un momento a otro puede ser reemplazado.<\/p>\n\n\n\n<p>Adem\u00e1s de anunciar ayer la reducci\u00f3n de personal de confianza, incluyendo mandos medios, esta semana el gobernador Alejandro Murat Hinojosa har\u00e1 cambios en su gabinete, para cerrar su sexenio, entre las que se eval\u00faa la Secretar\u00eda General de Gobierno.<\/p>\n\n\n\n<p>En realidad, son muchas \u00e1reas en las que hay fallas, pese a continuos cambios de titulares. Un ejemplo es en los Servicios de Salud, cuyo quinto responsable, el mexiquense Juan Carlos M\u00e1rquez Heine, tiene la dependencia de cabeza, sin atenci\u00f3n, con m\u00faltiples quejas y excesivo n\u00famero de personal de confianza, entre ellos muchos aviadores.<\/p>\n\n\n\n<p>En el colmo, este domingo apareci\u00f3 su nombre en una investigaci\u00f3n period\u00edstica mundial, por presuntamente participar en un esquema financiero ilegal, denominados \u201coffshore\u201d, mediante el cual se mueven cientos o miles de millones de pesos\u2026 o de d\u00f3lares.<\/p>\n\n\n\n<p>O por citar otro caso de otro for\u00e1neo, el secretario de las Infraestructuras, tambi\u00e9n for\u00e1neo, Javier Lazcano Vargas, quien por m\u00faltiples errores, adem\u00e1s de probables negocios con empresas, tiene literalmente paradas varias obras de infraestructura, o en su caso, son altamente cuestionadas por la sociedad, como son, por citar dos ejemplos, la ampliaci\u00f3n del bulevar de S\u00edmbolos Patrios, que est\u00e1 en v\u00edas de ser detenida por una orden judicial, y el Libramiento Sur, que ni siquiera se ha comenzado.<\/p>\n\n\n\n<p>O qu\u00e9 decir de Vicente Mendoza T\u00e9llez, que en la Secretar\u00eda de Finanzas guarda el dinero para sacarle provecho, mientras retiene sueldos y salarios; gasta miles de pesos en viajes semanales al Edomex al lado de su equipo de colaboradores; le pagan rentas estratosf\u00e9ricas; sus cercanos hacen negocio con el mismo gobierno, como el veracruzano concesionario de radio, y muchos detalles m\u00e1s.<\/p>\n\n\n\n<p>TERCER RELEVO<\/p>\n\n\n\n<p>Francisco Garc\u00eda L\u00f3pez es originario de Juchit\u00e1n de Zaragoza y tom\u00f3 posesi\u00f3n del cargo el 19 de octubre del a\u00f1o pasado, tras reemplazar a H\u00e9ctor Anuar Mafud, que a su vez sustituy\u00f3 a Alejandro Avil\u00e9s.<\/p>\n\n\n\n<p>La mayor parte de la carrera de Garc\u00eda L\u00f3pez ha sido de la mano de Ulises Ruiz Ortiz, a quien a\u00fan le debe lealtad, y de Alejandro Avil\u00e9s, su mentor ahora, a quien reporta primero, incluso antes que al titular del Poder Ejecutivo.<\/p>\n\n\n\n<p>Es Ingeniero Industrial de profesi\u00f3n y ha fungido como secretario particular del gobernador; antes fue secretario de Vialidad y Transporte, adem\u00e1s de haber sido diputado en la 61 Legislatura del Congreso del Estado de Oaxaca.<\/p>\n\n\n\n<p>Entre otros cargos, ha sido coordinador general de Unidades M\u00f3viles, subsecretario de Desarrollo Municipal, coordinador de asesores de la Segego, director general del Instituto de la Juventud Oaxaque\u00f1a, delegado de la Coordinaci\u00f3n General del Comit\u00e9 Estatal de Planeaci\u00f3n para el Desarrollo de Oaxaca (Coplade), entre otros cargos p\u00fablicos.<\/p>\n\n\n\n<p>Es decir, no tiene una trayectoria relevante en la que previamente se haya fogueado con el trato y tacto de las organizaciones sociales. Y a 11 meses y d\u00edas, tampoco tiene los hilos y enlaces directos con quienes d\u00eda con d\u00eda ponen a Oaxaca de cabeza.<\/p>\n\n\n\n<p>M\u00daLTIPLES PROTESTAS<\/p>\n\n\n\n<p>Como no hab\u00eda sucedido en la \u00e9poca de Mafud Mafud &#8211;quien personalmente tomaba el tel\u00e9fono para entablar comunicaci\u00f3n de inmediato con los quejosos, conocer los motivos y ofrecer alternativas de soluci\u00f3n&#8211;, hay protestas y bloqueos hasta los fines de semana, incluyendo el domingo.<\/p>\n\n\n\n<p>As\u00ed sucedi\u00f3 apenas el fin de semana con el cierre de la v\u00eda Panamericana, hacia Chiapas, en jurisdicci\u00f3n de Santo Domingo Zanatepec, por parte de un grupo de 10 transportistas.<\/p>\n\n\n\n<p>Es cierto que no est\u00e1 en manos de la Secretar\u00eda General de Gobierno ni mucho menos de su titular la soluci\u00f3n a todos los problemas. Tambi\u00e9n, muchas de las manifestaciones son de orden municipal y poco hacen las autoridades locales para atenderlos.<\/p>\n\n\n\n<p>Pero la Segego es la instituci\u00f3n responsable de la gobernabilidad, de la pol\u00edtica interna y, por lo tanto, tiene mucha responsabilidad para mantener el orden y la paz social, dialogando e intercediendo con todos los actores pol\u00edticos y sociales.<\/p>\n\n\n\n<p>Garc\u00eda L\u00f3pez va poco a la oficina &#8211;contrario tambi\u00e9n a lo que hac\u00eda su antecesor, Mafud Mafud\u2014y se la pasa m\u00e1s en caf\u00e9s y restaurantes para \u201cnegociar\u201d y \u201carreglar\u201d los problemas de Oaxaca, incluyendo los del Poder Legislativo, con componendas a base de dinero y en contubernio con Alejandro Avil\u00e9s y Jorge Toledo Luis, quienes venden al gobernador la idea de que son los mejores negociadores.<\/p>\n\n\n\n<p>Son muchos los ejemplos de la grave ingobernabilidad que padece Oaxaca y uno de tantos es el reciente conflicto en San Esteban Atatlahuaca, donde dos grupos se acusan de ataques y atentados, donde hubo incendio de viviendas y donde tres d\u00edas despu\u00e9s, la Segego pudo intervenir y llegar a ese pueblo mixteco.<\/p>\n\n\n\n<p>Por casi una semana, el edil de Santiago Jocotepec, en la Cuenca, fue literalmente secuestrado por pobladores y nada hizo la dependencia que preside a\u00fan Garc\u00eda L\u00f3pez. Tuvo que venir, el pasado viernes, la hermana del presidente municipal a la capital y denunciar ante medios de comunicaci\u00f3n la omisi\u00f3n de las autoridades, para instalar una mesa de di\u00e1logo y llegar a acuerdos.<\/p>\n\n\n\n<p>Durante dos d\u00edas, vecinos de Jalapa del Marqu\u00e9s cerraron la carretera al Istmo, para exigir justicia por una persona fallecida en un accidente que protagoniz\u00f3 la diputada Yarith Tannos\u2026 que es protegida de Garc\u00eda L\u00f3pez.<\/p>\n\n\n\n<p>Son demasiados problemas los que tiene el estado y otro de los tantos ejemplos es el de personal de salud, que lleva m\u00e1s de un mes en protesta y durante dos d\u00edas cerr\u00f3 la v\u00eda federal a la Costa, a la altura del crucero al aeropuerto internacional.<\/p>\n\n\n\n<p>El caso del STEUABJO, que lleva dos semanas protestando y cuyo dirigente alega que la Segego les prometi\u00f3 un bono que suma por dos a\u00f1os 12 millones de pesos; el bloqueo de la avenida Universidad es pr\u00e1cticamente cotidiano.<\/p>\n\n\n\n<p>O ah\u00ed est\u00e1n los Triquis de Tierra Blanca Copala, uno de los m\u00e1s sonados fracasos, que se vendi\u00f3 con bombo y platillos su retorno a su tierra.<\/p>\n\n\n\n<p>San Vicente Coatl\u00e1n, que es encargo presidencial resolver, lleva tambi\u00e9n s\u00f3lo mesas y mesas de di\u00e1logo sin soluci\u00f3n con sus vecinos de Sola de Vega.<\/p>\n\n\n\n<p>O acaso la protesta de comunidades de San Melchor Betaza, que han bloqueado vialidad en la Sierra Norte; en el colmo, el Istmo, la regi\u00f3n de la que es originario Francisco Garc\u00eda L\u00f3pez, padece cotidianamente protestas.<\/p>\n\n\n\n<p>Y por si fuera poco, este lunes, al menos cuatro sindicatos de bachilleratos inician paro de labores y bloqueos; el CIPO de nueva cuenta con sus movilizaciones, al igual que el FPR\u2026 y no hay quien los atienda, canalice y solucione. Y en el remate: con antelaci\u00f3n ya se anuncian nuevas movilizaciones, y nadie previen.<\/p>\n\n\n\n<p>La pol\u00edtica interna est\u00e1 muerta; el titular de la Segego est\u00e1 m\u00e1s interesado en su futuro pol\u00edtico de la mano de Avil\u00e9s, que en solucionar problemas al gobernador Alejandro Murat.<\/p>\n","protected":false},"excerpt":{"rendered":"<p>Ismael Garc\u00eda M.\/Zona Roja. Oaxaca de Ju\u00e1rez, Oax., 4 de octubre de 2021.- No ha&hellip;<\/p>\n","protected":false},"author":2,"featured_media":7610,"comment_status":"closed","ping_status":"open","sticky":false,"template":"","format":"standard","meta":{"_lmt_disableupdate":"","_lmt_disable":"","_jetpack_memberships_contains_paid_content":false,"footnotes":""},"categories":[109,47],"tags":[1353],"class_list":["post-32743","post","type-post","status-publish","format-standard","has-post-thumbnail","hentry","category-minuto-a-minuto","category-zona-gris","tag-opinion-zona-critica"],"jetpack_featured_media_url":"https:\/\/zonaroja.com.mx\/wp-content\/uploads\/2020\/01\/Opini\u00f3n-Zona-Cr\u00edtica.jpg","jetpack_sharing_enabled":true,"_links":{"self":[{"href":"https:\/\/zonaroja.com.mx\/index.php?rest_route=\/wp\/v2\/posts\/32743","targetHints":{"allow":["GET"]}}],"collection":[{"href":"https:\/\/zonaroja.com.mx\/index.php?rest_route=\/wp\/v2\/posts"}],"about":[{"href":"https:\/\/zonaroja.com.mx\/index.php?rest_route=\/wp\/v2\/types\/post"}],"author":[{"embeddable":true,"href":"https:\/\/zonaroja.com.mx\/index.php?rest_route=\/wp\/v2\/users\/2"}],"replies":[{"embeddable":true,"href":"https:\/\/zonaroja.com.mx\/index.php?rest_route=%2Fwp%2Fv2%2Fcomments&post=32743"}],"version-history":[{"count":2,"href":"https:\/\/zonaroja.com.mx\/index.php?rest_route=\/wp\/v2\/posts\/32743\/revisions"}],"predecessor-version":[{"id":32745,"href":"https:\/\/zonaroja.com.mx\/index.php?rest_route=\/wp\/v2\/posts\/32743\/revisions\/32745"}],"wp:featuredmedia":[{"embeddable":true,"href":"https:\/\/zonaroja.com.mx\/index.php?rest_route=\/wp\/v2\/media\/7610"}],"wp:attachment":[{"href":"https:\/\/zonaroja.com.mx\/index.php?rest_route=%2Fwp%2Fv2%2Fmedia&parent=32743"}],"wp:term":[{"taxonomy":"category","embeddable":true,"href":"https:\/\/zonaroja.com.mx\/index.php?rest_route=%2Fwp%2Fv2%2Fcategories&post=32743"},{"taxonomy":"post_tag","embeddable":true,"href":"https:\/\/zonaroja.com.mx\/index.php?rest_route=%2Fwp%2Fv2%2Ftags&post=32743"}],"curies":[{"name":"wp","href":"https:\/\/api.w.org\/{rel}","templated":true}]}}