{"id":32757,"date":"2021-10-04T14:02:38","date_gmt":"2021-10-04T19:02:38","guid":{"rendered":"https:\/\/www.zonaroja.com.mx\/?p=32757"},"modified":"2021-10-04T17:16:04","modified_gmt":"2021-10-04T22:16:04","slug":"rescatan-a-las-otras-dos-personas-ahogadas-en-san-juan-mixtepec","status":"publish","type":"post","link":"https:\/\/zonaroja.com.mx\/?p=32757","title":{"rendered":"Rescatan a las otras dos personas ahogadas en San Juan Mixtepec"},"content":{"rendered":"\n<p>Redacci\u00f3n\/Zona Roja. <\/p>\n\n\n\n<p>Oaxaca de Ju\u00e1rez, Oax., 4 de octubre de 2021.- La tarde de este domingo fueron rescatados los cuerpos de las otras dos personas, que junto con una m\u00e1s, fueron arrastradas por la corriente de un r\u00edo con todo y su veh\u00edculo, en el municipio de San Juan Mixtepec, Oaxaca. <\/p>\n\n\n\n<p>Seg\u00fan inform\u00f3 la delegaci\u00f3n de la Coordinaci\u00f3n Estatal de Protecci\u00f3n Civil de Oaxaca (CEPCO), el rescate fue con apoyo de buzos de la Secretar\u00eda de Marina, que se desplazaron desde Huatulco hasta dicha comunidad de la regi\u00f3n Mixteca, en un viaje de m\u00e1s de 10 horas.<\/p>\n\n\n\n<p>Fue la noche del pasado viernes en que en el r\u00edo \u201cVerde\u201d de la comunidad de Tinuama de Zaragoza, en San Juan Mixtepec, en que al intentar cruzar el afluente, el agua arrastr\u00f3 un veh\u00edculo Nissan, Tsuru, color blanco.<\/p>\n\n\n\n<figure class=\"wp-block-embed-twitter wp-block-embed is-type-rich is-provider-twitter\"><div class=\"wp-block-embed__wrapper\">\n<div class=\"twitter-tweet\"><blockquote class=\"twitter-tweet\" data-lang=\"es\"><p lang=\"es\" dir=\"ltr\"><a href=\"https:\/\/twitter.com\/hashtag\/%C3%9AltimoMinuto?src=hash&amp;ref_src=twsrc%5Etfw\">#\u00daltimoMinuto<\/a> <br>Ayer por la tarde y con apoyo de buzos de la <a href=\"https:\/\/twitter.com\/SEMAR_mx?ref_src=twsrc%5Etfw\">@SEMAR_mx<\/a>, fueron rescatados los otros dos cuerpos de quienes cruzaron un r\u00edo con su veh\u00edculo y fueron arrastrados, en San Juan Mixtepec, de la regi\u00f3n Mixteca de Oaxaca; el tercer cuerpo fue recuperado el pasado viernes. <a href=\"https:\/\/t.co\/y42UJDdRwz\">pic.twitter.com\/y42UJDdRwz<\/a><\/p>&mdash; Zona Roja Oaxaca (@Zona_Roja_Oax) <a href=\"https:\/\/twitter.com\/Zona_Roja_Oax\/status\/1445060822489702414?ref_src=twsrc%5Etfw\">4 de octubre de 2021<\/a><\/blockquote><\/div>\n<\/div><\/figure>\n\n\n\n<p>Durante las labores de b\u00fasqueda con apoyo de la Polic\u00eda Estatal, se logr\u00f3 el rescate de quien en vida respondi\u00f3 al nombre de Ceferino L.L., de 27 a\u00f1os de edad.<\/p>\n\n\n\n<p>Sus acompa\u00f1antes Eduardo R.E. y Juan Manuel L. H. fueron arrastrados hasta una represa, que requiri\u00f3 el apoyo de buzos especializados, debido a la profundidad de las aguas y a que los cuerpos estaban agotados en el lodo. <\/p>\n\n\n\n<p>Tras el rescate, fueron entregados a sus familiares para el sepelio correspondiente. <\/p>\n","protected":false},"excerpt":{"rendered":"<p>Redacci\u00f3n\/Zona Roja. Oaxaca de Ju\u00e1rez, Oax., 4 de octubre de 2021.- La tarde de este&hellip;<\/p>\n","protected":false},"author":2,"featured_media":32769,"comment_status":"closed","ping_status":"open","sticky":false,"template":"","format":"standard","meta":{"_lmt_disableupdate":"","_lmt_disable":"","_jetpack_memberships_contains_paid_content":false,"footnotes":""},"categories":[109,47],"tags":[1768],"class_list":["post-32757","post","type-post","status-publish","format-standard","has-post-thumbnail","hentry","category-minuto-a-minuto","category-zona-gris","tag-san-juan-mixtepec"],"jetpack_featured_media_url":"https:\/\/zonaroja.com.mx\/wp-content\/uploads\/2021\/10\/Rescatan-cuerpos-San-Juan-Mixtepec.jpg","jetpack_sharing_enabled":true,"_links":{"self":[{"href":"https:\/\/zonaroja.com.mx\/index.php?rest_route=\/wp\/v2\/posts\/32757","targetHints":{"allow":["GET"]}}],"collection":[{"href":"https:\/\/zonaroja.com.mx\/index.php?rest_route=\/wp\/v2\/posts"}],"about":[{"href":"https:\/\/zonaroja.com.mx\/index.php?rest_route=\/wp\/v2\/types\/post"}],"author":[{"embeddable":true,"href":"https:\/\/zonaroja.com.mx\/index.php?rest_route=\/wp\/v2\/users\/2"}],"replies":[{"embeddable":true,"href":"https:\/\/zonaroja.com.mx\/index.php?rest_route=%2Fwp%2Fv2%2Fcomments&post=32757"}],"version-history":[{"count":2,"href":"https:\/\/zonaroja.com.mx\/index.php?rest_route=\/wp\/v2\/posts\/32757\/revisions"}],"predecessor-version":[{"id":32774,"href":"https:\/\/zonaroja.com.mx\/index.php?rest_route=\/wp\/v2\/posts\/32757\/revisions\/32774"}],"wp:featuredmedia":[{"embeddable":true,"href":"https:\/\/zonaroja.com.mx\/index.php?rest_route=\/wp\/v2\/media\/32769"}],"wp:attachment":[{"href":"https:\/\/zonaroja.com.mx\/index.php?rest_route=%2Fwp%2Fv2%2Fmedia&parent=32757"}],"wp:term":[{"taxonomy":"category","embeddable":true,"href":"https:\/\/zonaroja.com.mx\/index.php?rest_route=%2Fwp%2Fv2%2Fcategories&post=32757"},{"taxonomy":"post_tag","embeddable":true,"href":"https:\/\/zonaroja.com.mx\/index.php?rest_route=%2Fwp%2Fv2%2Ftags&post=32757"}],"curies":[{"name":"wp","href":"https:\/\/api.w.org\/{rel}","templated":true}]}}