{"id":3276,"date":"2019-08-21T20:24:12","date_gmt":"2019-08-22T01:24:12","guid":{"rendered":"http:\/\/www.zonaroja.com.mx\/?p=3276"},"modified":"2019-08-21T20:24:15","modified_gmt":"2019-08-22T01:24:15","slug":"defiende-la-seccion-22-a-sindicalizados-con-ordenes-de-aprehension","status":"publish","type":"post","link":"https:\/\/zonaroja.com.mx\/?p=3276","title":{"rendered":"Defiende la Secci\u00f3n 22 a sindicalizados con \u00f3rdenes de aprehensi\u00f3n"},"content":{"rendered":"\n<p>Evlin\nArag\u00f3n\/Zona Roja.<\/p>\n\n\n\n<p>Oaxaca de\nJu\u00e1rez, Oax., 21 de agosto de 2019.- Representantes de una decena de\nagrupaciones sindicales en los \u00e1mbitos de salud y educativo, agrupados en el\nFrente Unificador de Sindicatos Independientes de Oaxaca y Nacionales (FUSION),\nse reunieron para denunciar las \u00f3rdenes de aprehensi\u00f3n en contra de quienes\nintegran los diferentes gremios, con la intenci\u00f3n de frenar la protesta\nsocial.&nbsp; <\/p>\n\n\n\n<p>Eloy L\u00f3pez\nHern\u00e1ndez, dirigente de la Secci\u00f3n 22 del SNTE, reproch\u00f3 la criminalizaci\u00f3n de\nla protesta social que hace el gobierno estatal a trav\u00e9s de la Fiscal\u00eda General\ndel Estado y mencion\u00f3 el caso del secretario general del STEUABJO, Fernando\nDavid L\u00f3pez Cruz, as\u00ed como siete integrantes del Comit\u00e9 Ejecutivo de la Secci\u00f3n\n9 del Sindicato Independiente Nacional de Trabajadores de Salud (SINTS),\nencabezado por Genaro Villalobos S\u00e1nchez.<\/p>\n\n\n\n<p>Asegur\u00f3 que ambos gremios cuentan con el respaldo del magisterio, que incluir\u00e1 las peticiones de los gremios de salud y educaci\u00f3n superior de la entidad en su pliego petitorio, a la par que exigir\u00e1n un cese a la represi\u00f3n de dirigentes sindicales cuya finalidad es mermar la protesta social.\u00a0 <\/p>\n\n\n\n<figure class=\"wp-block-embed-twitter wp-block-embed is-type-rich is-provider-twitter\"><div class=\"wp-block-embed__wrapper\">\n<div class=\"twitter-tweet\"><blockquote class=\"twitter-tweet\" data-lang=\"es\"><p lang=\"es\" dir=\"ltr\"><a href=\"https:\/\/twitter.com\/hashtag\/OaxacaGris?src=hash&amp;ref_src=twsrc%5Etfw\">#OaxacaGris<\/a><br>Denunciar\u00e1 <a href=\"https:\/\/twitter.com\/SECCIONXXII?ref_src=twsrc%5Etfw\">@SECCIONXXII<\/a> ante <a href=\"https:\/\/twitter.com\/lopezobrador_?ref_src=twsrc%5Etfw\">@lopezobrador_<\/a> deficiencias en hospital del <a href=\"https:\/\/twitter.com\/ISSSTE_mx?ref_src=twsrc%5Etfw\">@ISSSTE_mx<\/a> y pide renuncia de directora. <br>Dirigencia se pronunci\u00f3 tambi\u00e9n contra la criminalizaci\u00f3n de la lucha social por parte de la <a href=\"https:\/\/twitter.com\/FISCALIA_GobOax?ref_src=twsrc%5Etfw\">@FISCALIA_GobOax<\/a>, al pretender encarcelar a sindicalizados. <a href=\"https:\/\/t.co\/rq5JcNKVAY\">pic.twitter.com\/rq5JcNKVAY<\/a><\/p>&mdash; Zona Roja Oaxaca (@MexRoja) <a href=\"https:\/\/twitter.com\/MexRoja\/status\/1164311402762387457?ref_src=twsrc%5Etfw\">21 de agosto de 2019<\/a><\/blockquote><\/div>\n<\/div><\/figure>\n\n\n\n<p>Fernando\nDavid L\u00f3pez Cruz, dirigente del STEUABJO, recrimin\u00f3 que las autoridades\nestatales busquen callar las voces inconformes con los atropellos a la base\ntrabajadora, \u201cla protesta est\u00e1 amparada por la Constituci\u00f3n Pol\u00edtica, por lo\ncual no es raz\u00f3n para que se inicien carpetas de investigaci\u00f3n y posteriormente\nordenes de aprehensi\u00f3n\u201d, dijo.<\/p>\n\n\n\n<p>Ante los\nmedios de comunicaci\u00f3n explic\u00f3 que el juez consider\u00f3 que no hab\u00eda delito que\nperseguir en su caso; sin embargo, iniciaron una nueva carpeta de investigaci\u00f3n\nahora al interior de la Universidad Aut\u00f3noma \u201cBenito Ju\u00e1rez\u201d de Oaxaca por lo\nque se le rescindi\u00f3 el contrato, por lo que dijo proceder\u00e1 de manera legal ante\nlas acciones que pretenden criminalizar de la protesta social.&nbsp;&nbsp; <\/p>\n\n\n\n<p>\u201cFUSION estar\u00e1\ndefendiendo la lucha de las y los trabajadores en la entidad\u201d, dijo L\u00f3pez Cruz;\nmientras que el dirigente de la gremial magisterial Eloy L\u00f3pez Hern\u00e1ndez,\nasegur\u00f3 que llevar\u00e1n las demandas laborales de los sindicatos adheridos a la\nagrupaci\u00f3n a la reuni\u00f3n que sostendr\u00e1n el pr\u00f3ximo 10 de septiembre con las\nautoridades federales, encabezadas por el presidente de la Rep\u00fablica, Andr\u00e9s\nManuel L\u00f3pez Obrador.<\/p>\n\n\n\n<p>Los\nrepresentantes sindicales se reunieron esta tarde para respaldar la protesta de\ntrabajadoras y trabajadores del Hospital Regional \u201cBenito Ju\u00e1rez\u201d del Instituto\nde Seguridad y Servicios Sociales de los Trabajadores del Estado (ISSSTE)\nquienes denunciaron malos manejos administrativos y presuntos actos de\ncorrupci\u00f3n que afectan el desempe\u00f1o de sus laborales y la atenci\u00f3n a los\nderechohabientes.<\/p>\n\n\n\n<p>V\u00edctor Cruz,\nrepresentante sindical del ISSSTE, explic\u00f3 que la demanda principal es la\ndestituci\u00f3n inmediata de la directora Mar\u00eda del Carmen Cruz Parada, por todos\nlos atropellos que ha cometido en contra de la base trabajadora y los\nmalos&nbsp; manejos que se han registrad al\ninterior de la instituci\u00f3n y que han repercutido en cada una de las \u00e1reas de\neste nosocomio.<\/p>\n","protected":false},"excerpt":{"rendered":"<p>Evlin Arag\u00f3n\/Zona Roja. Oaxaca de Ju\u00e1rez, Oax., 21 de agosto de 2019.- Representantes de una&hellip;<\/p>\n","protected":false},"author":2,"featured_media":3277,"comment_status":"closed","ping_status":"open","sticky":false,"template":"","format":"standard","meta":{"_lmt_disableupdate":"","_lmt_disable":"","_jetpack_memberships_contains_paid_content":false,"footnotes":""},"categories":[109,47],"tags":[592,312,305],"class_list":["post-3276","post","type-post","status-publish","format-standard","has-post-thumbnail","hentry","category-minuto-a-minuto","category-zona-gris","tag-fusion","tag-seccion-22-del-snte","tag-steuabjo"],"jetpack_featured_media_url":"https:\/\/zonaroja.com.mx\/wp-content\/uploads\/2019\/08\/3dcb8740-3611-49ff-8ee7-4babe18ccdf7.jpg","jetpack_sharing_enabled":true,"_links":{"self":[{"href":"https:\/\/zonaroja.com.mx\/index.php?rest_route=\/wp\/v2\/posts\/3276","targetHints":{"allow":["GET"]}}],"collection":[{"href":"https:\/\/zonaroja.com.mx\/index.php?rest_route=\/wp\/v2\/posts"}],"about":[{"href":"https:\/\/zonaroja.com.mx\/index.php?rest_route=\/wp\/v2\/types\/post"}],"author":[{"embeddable":true,"href":"https:\/\/zonaroja.com.mx\/index.php?rest_route=\/wp\/v2\/users\/2"}],"replies":[{"embeddable":true,"href":"https:\/\/zonaroja.com.mx\/index.php?rest_route=%2Fwp%2Fv2%2Fcomments&post=3276"}],"version-history":[{"count":1,"href":"https:\/\/zonaroja.com.mx\/index.php?rest_route=\/wp\/v2\/posts\/3276\/revisions"}],"predecessor-version":[{"id":3278,"href":"https:\/\/zonaroja.com.mx\/index.php?rest_route=\/wp\/v2\/posts\/3276\/revisions\/3278"}],"wp:featuredmedia":[{"embeddable":true,"href":"https:\/\/zonaroja.com.mx\/index.php?rest_route=\/wp\/v2\/media\/3277"}],"wp:attachment":[{"href":"https:\/\/zonaroja.com.mx\/index.php?rest_route=%2Fwp%2Fv2%2Fmedia&parent=3276"}],"wp:term":[{"taxonomy":"category","embeddable":true,"href":"https:\/\/zonaroja.com.mx\/index.php?rest_route=%2Fwp%2Fv2%2Fcategories&post=3276"},{"taxonomy":"post_tag","embeddable":true,"href":"https:\/\/zonaroja.com.mx\/index.php?rest_route=%2Fwp%2Fv2%2Ftags&post=3276"}],"curies":[{"name":"wp","href":"https:\/\/api.w.org\/{rel}","templated":true}]}}