{"id":32763,"date":"2021-10-04T15:35:53","date_gmt":"2021-10-04T20:35:53","guid":{"rendered":"https:\/\/www.zonaroja.com.mx\/?p=32763"},"modified":"2021-10-04T17:14:51","modified_gmt":"2021-10-04T22:14:51","slug":"falta-de-atencion-de-edil-de-oaxaca-provoca-caos-en-la-ciudad","status":"publish","type":"post","link":"https:\/\/zonaroja.com.mx\/?p=32763","title":{"rendered":"Falta de atenci\u00f3n de edil de Oaxaca provoca caos en la ciudad"},"content":{"rendered":"\n<p><\/p>\n\n\n\n<p>Evlin Arag\u00f3n\/Zona Roja.&nbsp;<\/p>\n\n\n\n<p>Oaxaca de Ju\u00e1rez, Oax., 4 de octubre de 2021.-&nbsp;Tal y como lo hab\u00eda anunciado y ante una completa omisi\u00f3n por parte de la autoridad del municipio de Oaxaca de Ju\u00e1rez, encabezada por Oswaldo Garc\u00eda Jarqu\u00edn, integrantes del Sindicato \u201c3 de Marzo\u201d pararon labores, marcharon y adem\u00e1s emprendieron una serie de bloqueos en la capital.&nbsp;&nbsp;<\/p>\n\n\n\n<p>Desde temprana hora de&nbsp;este lunes, el personal sindicalizado se concentr\u00f3 en la Plaza de la Danza, incluido el personal administrativo, de limpia y servicios municipales mismo que forma parte de la gremial que aglutina a m\u00e1s de mil 500 personas.&nbsp;<\/p>\n\n\n\n<p>Concentr\u00e1ndose de primera cuenta en las escalinatas de la plaza, cerraron los accesos del Palacio Municipal impidiendo el ingreso y la salida del personal que ah\u00ed labora; posteriormente y ante la falta de atenci\u00f3n por parte del edil emanado del Partido Morena, decidieron dar paso a los bloqueos de vialidades.&nbsp;&nbsp;<\/p>\n\n\n\n<p>Independencia, Morelos, Tinoco y Palacios y Crespo fueron las calles en las que se impidi\u00f3 el tr\u00e1nsito vehicular, ocasionando un intenso caos vial en el primer cuadro del Centro Hist\u00f3rico, lo cual no fue suficiente para llamar la atenci\u00f3n de la autoridad municipal, de la que no se sabe su paradero.\u00a0\u00a0<\/p>\n\n\n\n<figure class=\"wp-block-embed-twitter wp-block-embed is-type-rich is-provider-twitter\"><div class=\"wp-block-embed__wrapper\">\n<div class=\"twitter-tweet\"><blockquote class=\"twitter-tweet\" data-lang=\"es\"><p lang=\"und\" dir=\"ltr\"><a href=\"https:\/\/t.co\/tw2mDQRYEG\">https:\/\/t.co\/tw2mDQRYEG<\/a><\/p>&mdash; Zona Roja Oaxaca (@Zona_Roja_Oax) <a href=\"https:\/\/twitter.com\/Zona_Roja_Oax\/status\/1445076648273973255?ref_src=twsrc%5Etfw\">4 de octubre de 2021<\/a><\/blockquote><\/div>\n<\/div><\/figure>\n\n\n\n<p>\u201cOswaldo robaste, mentiste y traicionaste al pueblo\u201d enunciaba una de las pancartas colocadas en el principal acceso a las oficinas municipales, a la cual se unieron otras m\u00e1s exigiendo reparaci\u00f3n del parque vehicular, material para la contingencia sanitaria, el pago de los finiquitos pendientes y un trato digno al personal sindicalizado.<\/p>\n\n\n\n<p>La participaci\u00f3n del personal de limpia y servicios municipales en la movilizaci\u00f3n ocasion\u00f3 que el servicio de basura nuevamente se suspendiera en la capital, incluso los veh\u00edculos de recolecci\u00f3n fueron utilizados para cerrar las vialidades cercanas a la Plaza de la Danza.&nbsp;<\/p>\n\n\n\n<p>Mientras que otro grupo de trabajadores se concentr\u00f3 en sus respectivas \u00e1reas de trabajo, como la rampa del basurero ubicado en el Mercado de Abastos \u201cMargarita Maza de Ju\u00e1rez\u201d, en donde respetaron el paro de laborales como actividad principal.&nbsp;&nbsp;<\/p>\n\n\n\n<p>En un encuentro con medios de comunicaci\u00f3n, Pablo G\u00f3mez, dirigente sindical, responsabiliz\u00f3 al presidente municipal Osvaldo Garc\u00eda Jarqu\u00edn, de todas y cada una de las movilizaciones que lleven a cabo, ya que se ha negado a dar respuesta a sus demandas.\u00a0\u00a0<\/p>\n\n\n\n<figure class=\"wp-block-embed-twitter wp-block-embed is-type-rich is-provider-twitter\"><div class=\"wp-block-embed__wrapper\">\n<div class=\"twitter-tweet\"><blockquote class=\"twitter-tweet\" data-lang=\"es\"><p lang=\"es\" dir=\"ltr\"><a href=\"https:\/\/twitter.com\/hashtag\/%C3%9AltimoMinuto?src=hash&amp;ref_src=twsrc%5Etfw\">#\u00daltimoMinuto<\/a> <br>Sindicato \u201c3 de Marzo\u201d cumple su amago y comienza con marchas y bloqueos de vialidades en inmediaciones de la Plaza de la Danza de la ciudad de Oaxaca: <a href=\"https:\/\/t.co\/BAXfHewD4Q\">pic.twitter.com\/BAXfHewD4Q<\/a><\/p>&mdash; Zona Roja Oaxaca (@Zona_Roja_Oax) <a href=\"https:\/\/twitter.com\/Zona_Roja_Oax\/status\/1445074740943540226?ref_src=twsrc%5Etfw\">4 de octubre de 2021<\/a><\/blockquote><\/div>\n<\/div><\/figure>\n\n\n\n<p>Detall\u00f3 que la m\u00e1xima autoridad municipal ha incumplido con el contrato colectivo de trabajo, toda vez que ha despedido a personal y no paga prestaciones, adem\u00e1s que se niega a cubrir la cuota de combustible de los camiones recolectores de basura, pese a que se trata de su obligaci\u00f3n, toda vez que las unidades son activos del ayuntamiento.&nbsp;<\/p>\n\n\n\n<p>Lo anterior ha derivado en una serie de complicaciones para cumplir con la recolecci\u00f3n de las m\u00e1s de mil toneladas de basura que se generan diariamente en la capital del estado.&nbsp;&nbsp;<\/p>\n\n\n\n<p>Lejos de mostrarse sensible a la protesta y al da\u00f1o a la ciudadan\u00eda que esta trae consigo, hasta el momento Garc\u00eda Jarqu\u00edn no ha mostrado apertura al di\u00e1logo por lo que se espera un mayor n\u00famero de movilizaciones por parte de la gremial sindical m\u00e1s grande al interior del ayuntamiento.   <\/p>\n","protected":false},"excerpt":{"rendered":"<p>Evlin Arag\u00f3n\/Zona Roja.&nbsp; Oaxaca de Ju\u00e1rez, Oax., 4 de octubre de 2021.-&nbsp;Tal y como lo&hellip;<\/p>\n","protected":false},"author":2,"featured_media":32768,"comment_status":"closed","ping_status":"open","sticky":false,"template":"","format":"standard","meta":{"_lmt_disableupdate":"","_lmt_disable":"","_jetpack_memberships_contains_paid_content":false,"footnotes":""},"categories":[109,47],"tags":[115],"class_list":["post-32763","post","type-post","status-publish","format-standard","has-post-thumbnail","hentry","category-minuto-a-minuto","category-zona-gris","tag-oswaldo-garcia-jarquin"],"jetpack_featured_media_url":"https:\/\/zonaroja.com.mx\/wp-content\/uploads\/2021\/10\/Protesta-ayuntamiento-ciudad-de-Oaxaca.jpg","jetpack_sharing_enabled":true,"_links":{"self":[{"href":"https:\/\/zonaroja.com.mx\/index.php?rest_route=\/wp\/v2\/posts\/32763","targetHints":{"allow":["GET"]}}],"collection":[{"href":"https:\/\/zonaroja.com.mx\/index.php?rest_route=\/wp\/v2\/posts"}],"about":[{"href":"https:\/\/zonaroja.com.mx\/index.php?rest_route=\/wp\/v2\/types\/post"}],"author":[{"embeddable":true,"href":"https:\/\/zonaroja.com.mx\/index.php?rest_route=\/wp\/v2\/users\/2"}],"replies":[{"embeddable":true,"href":"https:\/\/zonaroja.com.mx\/index.php?rest_route=%2Fwp%2Fv2%2Fcomments&post=32763"}],"version-history":[{"count":2,"href":"https:\/\/zonaroja.com.mx\/index.php?rest_route=\/wp\/v2\/posts\/32763\/revisions"}],"predecessor-version":[{"id":32773,"href":"https:\/\/zonaroja.com.mx\/index.php?rest_route=\/wp\/v2\/posts\/32763\/revisions\/32773"}],"wp:featuredmedia":[{"embeddable":true,"href":"https:\/\/zonaroja.com.mx\/index.php?rest_route=\/wp\/v2\/media\/32768"}],"wp:attachment":[{"href":"https:\/\/zonaroja.com.mx\/index.php?rest_route=%2Fwp%2Fv2%2Fmedia&parent=32763"}],"wp:term":[{"taxonomy":"category","embeddable":true,"href":"https:\/\/zonaroja.com.mx\/index.php?rest_route=%2Fwp%2Fv2%2Fcategories&post=32763"},{"taxonomy":"post_tag","embeddable":true,"href":"https:\/\/zonaroja.com.mx\/index.php?rest_route=%2Fwp%2Fv2%2Ftags&post=32763"}],"curies":[{"name":"wp","href":"https:\/\/api.w.org\/{rel}","templated":true}]}}