{"id":32771,"date":"2021-10-04T17:10:52","date_gmt":"2021-10-04T22:10:52","guid":{"rendered":"http:\/\/www.zonaroja.com.mx\/?p=32771"},"modified":"2021-10-04T17:10:57","modified_gmt":"2021-10-04T22:10:57","slug":"en-huajuapan-matan-a-autoridad-tras-asalto-en-la-capital-abaten-a-indivuduo","status":"publish","type":"post","link":"https:\/\/zonaroja.com.mx\/?p=32771","title":{"rendered":"En Huajuapan matan a autoridad tras asalto; en la capital abaten a indivuduo"},"content":{"rendered":"\n<p>Redacci\u00f3n\/Zona Roja.<\/p>\n\n\n\n<p>Oaxaca de Ju\u00e1rez, Oax., 4 de octubre de 2021.- Dos personas perdieron la vida este lunes en Oaxaca por disparos de arma de fuego.<\/p>\n\n\n\n<p>Poco despu\u00e9s del mediod\u00eda, en Huajuapan de Le\u00f3n, autoridades municipales de San Mart\u00edn Peras fueron atracadas con violencia, cuyos delincuentes dispararon en contra de ellas para arrebatarles dinero que reci\u00e9n hab\u00edan retirado de una sucursal bancaria de Santander.<\/p>\n\n\n\n<p>Los hechos sucedieron en la calle Hidalgo, a unos pasos del palacio municipal, donde fueron asaltados; el tesorero Juan Manuel Mendoza Diego fue trasladado a un hospital, donde perdi\u00f3 la vida; el regidor de Hacienda, Nicol\u00e1s L\u00f3pez Rivera, y el s\u00edndico Juan Ram\u00edrez Cruz, reciben a\u00fan atenci\u00f3n en el nosocomio.<\/p>\n\n\n\n<p>Tras un operativo, polic\u00edas municipales y estatales capturaron a tres personas en la colonia Del Valle, supuestamente involucradas en el asalto violento.<\/p>\n\n\n\n<p>TAMBI\u00c9N EN LA CAPITAL<\/p>\n\n\n\n<figure class=\"wp-block-embed-twitter wp-block-embed is-type-rich is-provider-twitter\"><div class=\"wp-block-embed__wrapper\">\n<div class=\"twitter-tweet\"><blockquote class=\"twitter-tweet\" data-lang=\"es\"><p lang=\"es\" dir=\"ltr\"><a href=\"https:\/\/twitter.com\/hashtag\/%C3%9AltimoMinuto?src=hash&amp;ref_src=twsrc%5Etfw\">#\u00daltimoMinuto<\/a> <br>Mientras tanto la inseguridad crece tambi\u00e9n en la capital de <a href=\"https:\/\/twitter.com\/hashtag\/Oaxaca?src=hash&amp;ref_src=twsrc%5Etfw\">#Oaxaca<\/a>, ante abandono de la autoridad.  <br>Una persona asesinada y otra lesionada; a\u00fan se desconocen las causas. <a href=\"https:\/\/t.co\/Ny5sOmZqrc\">pic.twitter.com\/Ny5sOmZqrc<\/a><\/p>&mdash; Zona Roja Oaxaca (@Zona_Roja_Oax) <a href=\"https:\/\/twitter.com\/Zona_Roja_Oax\/status\/1445111750823538688?ref_src=twsrc%5Etfw\">4 de octubre de 2021<\/a><\/blockquote><\/div>\n<\/div><\/figure>\n\n\n\n<p>Por otra parte, con una motosierra encendida, un individuo amenazaba con lesionar a las personas en el estacionamiento principal de la Central de Abasto de la ciudad de Oaxaca, ante lo cual arribaron elementos de la polic\u00eda municipal.<\/p>\n\n\n\n<p>Los hechos sucedieron alrededor de las 13:30 horas, en que los uniformados dispararon en contra del probable delincuente, al resistirse a dejar su motosierra.<\/p>\n\n\n\n<p>\u201cEl hombre se abalanz\u00f3 con la motosierra encendida sobre los polic\u00edas municipales, quienes apegados a protocolo y luego de los exhortos verbales, para salvar la vida de las personas y de ellos mismos accionaron sus armas para neutralizar al agresor\u201d, refiere un bolet\u00edn del ayuntamiento.<\/p>\n\n\n\n<p>\u201cEl hombre recibi\u00f3 dos disparos de arma de fuego y fue atendido por personal de la Cruz Roja, perdiendo la vida minutos despu\u00e9s\u201d, se\u00f1al\u00f3. Hasta el momento la v\u00edctima a\u00fan no ha sido identificada.<\/p>\n","protected":false},"excerpt":{"rendered":"<p>Redacci\u00f3n\/Zona Roja. Oaxaca de Ju\u00e1rez, Oax., 4 de octubre de 2021.- Dos personas perdieron la&hellip;<\/p>\n","protected":false},"author":2,"featured_media":32766,"comment_status":"closed","ping_status":"open","sticky":false,"template":"","format":"standard","meta":{"_lmt_disableupdate":"","_lmt_disable":"","_jetpack_memberships_contains_paid_content":false,"footnotes":""},"categories":[109,51],"tags":[594,148],"class_list":["post-32771","post","type-post","status-publish","format-standard","has-post-thumbnail","hentry","category-minuto-a-minuto","category-zona-roja","tag-huajuapan-de-leon","tag-oaxaca-de-juarez"],"jetpack_featured_media_url":"https:\/\/zonaroja.com.mx\/wp-content\/uploads\/2021\/10\/Asesinado-Central-de-Abasto.jpg","jetpack_sharing_enabled":true,"_links":{"self":[{"href":"https:\/\/zonaroja.com.mx\/index.php?rest_route=\/wp\/v2\/posts\/32771","targetHints":{"allow":["GET"]}}],"collection":[{"href":"https:\/\/zonaroja.com.mx\/index.php?rest_route=\/wp\/v2\/posts"}],"about":[{"href":"https:\/\/zonaroja.com.mx\/index.php?rest_route=\/wp\/v2\/types\/post"}],"author":[{"embeddable":true,"href":"https:\/\/zonaroja.com.mx\/index.php?rest_route=\/wp\/v2\/users\/2"}],"replies":[{"embeddable":true,"href":"https:\/\/zonaroja.com.mx\/index.php?rest_route=%2Fwp%2Fv2%2Fcomments&post=32771"}],"version-history":[{"count":1,"href":"https:\/\/zonaroja.com.mx\/index.php?rest_route=\/wp\/v2\/posts\/32771\/revisions"}],"predecessor-version":[{"id":32772,"href":"https:\/\/zonaroja.com.mx\/index.php?rest_route=\/wp\/v2\/posts\/32771\/revisions\/32772"}],"wp:featuredmedia":[{"embeddable":true,"href":"https:\/\/zonaroja.com.mx\/index.php?rest_route=\/wp\/v2\/media\/32766"}],"wp:attachment":[{"href":"https:\/\/zonaroja.com.mx\/index.php?rest_route=%2Fwp%2Fv2%2Fmedia&parent=32771"}],"wp:term":[{"taxonomy":"category","embeddable":true,"href":"https:\/\/zonaroja.com.mx\/index.php?rest_route=%2Fwp%2Fv2%2Fcategories&post=32771"},{"taxonomy":"post_tag","embeddable":true,"href":"https:\/\/zonaroja.com.mx\/index.php?rest_route=%2Fwp%2Fv2%2Ftags&post=32771"}],"curies":[{"name":"wp","href":"https:\/\/api.w.org\/{rel}","templated":true}]}}