{"id":32775,"date":"2021-10-04T18:09:51","date_gmt":"2021-10-04T23:09:51","guid":{"rendered":"http:\/\/www.zonaroja.com.mx\/?p=32775"},"modified":"2021-10-04T18:09:54","modified_gmt":"2021-10-04T23:09:54","slug":"solo-trabajadores-regularizados-y-formalizados-de-los-sso-tienen-certeza-laboral","status":"publish","type":"post","link":"https:\/\/zonaroja.com.mx\/?p=32775","title":{"rendered":"S\u00f3lo trabajadores regularizados y formalizados de los SSO tienen certeza laboral"},"content":{"rendered":"\n<p>Redacci\u00f3n\/Zona Roja.<\/p>\n\n\n\n<p>Oaxaca de Ju\u00e1rez, Oax., 3 de octubre de 2021.- Luego de cinco horas de trabajo, el gobernador Alejandro Murat y dirigentes de cuatro sindicatos de los Servicios de Salud de Oaxaca (SSO) acordaron un cronograma de trabajo, la revisi\u00f3n de escalaf\u00f3n, la instalaci\u00f3n de una mesa de comisiones para atender la problem\u00e1tica laboral.<\/p>\n\n\n\n<p>Adem\u00e1s, durante el encuentro efectuado en el Hangar de Gobierno, en Santa Cruz Xoxocotl\u00e1n, el mandatario garantiz\u00f3 pleno respeto a los trabajadores regularizados y formalizados de los SSO.<\/p>\n\n\n\n<p>De acuerdo con un comunicado de prensa, Murat \u201creiter\u00f3 la disposici\u00f3n de su administraci\u00f3n por encontrar los mecanismos necesarios para dar certeza laboral al personal que se vio afectado, por lo que a trav\u00e9s de un escrito dej\u00f3 en claro que las y los trabajadores catalogados como regularizados y formalizados de los Servicios de Salud de Oaxaca (SSO) cuentan con la certeza jur\u00eddica de conservar su relaci\u00f3n laboral con dicha dependencia\u201d.<\/p>\n\n\n\n<p>\u201cLes reitero el compromiso de mi gobierno para que, a trav\u00e9s de los Servicios de Salud de Oaxaca puedan realizar todas las gestiones necesarias ante la Federaci\u00f3n para solicitar la cobertura presupuestal correspondiente, en t\u00e9rminos de la normatividad aplicable\u201d, expuso.<\/p>\n\n\n\n<figure class=\"wp-block-embed-twitter wp-block-embed is-type-rich is-provider-twitter\"><div class=\"wp-block-embed__wrapper\">\n<div class=\"twitter-tweet\"><blockquote class=\"twitter-tweet\" data-lang=\"es\"><p lang=\"es\" dir=\"ltr\">Este lunes, recib\u00ed a l\u00edderes y representantes de las secciones 35, 71, 73 y 94 del <a href=\"https:\/\/twitter.com\/SntsaMX?ref_src=twsrc%5Etfw\">@SntsaMX<\/a>; damos seguimiento a la mesa de di\u00e1logo con el fin de construir, juntas y juntos, una soluci\u00f3n para este importante sector. <a href=\"https:\/\/t.co\/7mwR3kxkjW\">pic.twitter.com\/7mwR3kxkjW<\/a><\/p>&mdash; Alejandro Murat (@alejandromurat) <a href=\"https:\/\/twitter.com\/alejandromurat\/status\/1445136263154176002?ref_src=twsrc%5Etfw\">4 de octubre de 2021<\/a><\/blockquote><\/div>\n<\/div><\/figure>\n\n\n\n<p>Asimismo, durante la reuni\u00f3n de trabajo se acord\u00f3 implementar un cronograma de trabajo, la revisi\u00f3n del escalaf\u00f3n de las y los trabajadores, la instalaci\u00f3n de una mesa de comisiones.<\/p>\n\n\n\n<p>Adem\u00e1s que, a propuesta del gobernador los d\u00edas lunes representantes del Sindicato Nacional de los Trabajadores de Salud y de los SSO, acudir\u00e1n a los almacenes para verificar qu\u00e9 medicamentos hay en existencia y as\u00ed abastecer de manera continua a los centros de salud y hospitales.<\/p>\n\n\n\n<p>Tambi\u00e9n, \u201ccomo un compromiso por transparentar e informar los acuerdos ante la sociedad oaxaque\u00f1a\u201d, el mandatario estatal inform\u00f3 que se realizar\u00e1 la grabaci\u00f3n de un video, con el prop\u00f3sito de que las y los oaxaque\u00f1os conozcan la situaci\u00f3n financiera que guarda el sector, as\u00ed como los avances en las mesas de di\u00e1logo que se tienen con el sindicato e instancias federales.<\/p>\n\n\n\n<p>A la reuni\u00f3n acudieron dirigentes de las secciones 35, 71, 73 y 94, dependientes del Sindicato Nacional de Trabajadores de la Secretar\u00eda de Salud.<\/p>\n","protected":false},"excerpt":{"rendered":"<p>Redacci\u00f3n\/Zona Roja. Oaxaca de Ju\u00e1rez, Oax., 3 de octubre de 2021.- Luego de cinco horas&hellip;<\/p>\n","protected":false},"author":2,"featured_media":32776,"comment_status":"closed","ping_status":"open","sticky":false,"template":"","format":"standard","meta":{"_lmt_disableupdate":"","_lmt_disable":"","_jetpack_memberships_contains_paid_content":false,"footnotes":""},"categories":[109,46],"tags":[173],"class_list":["post-32775","post","type-post","status-publish","format-standard","has-post-thumbnail","hentry","category-minuto-a-minuto","category-zona-blanca","tag-alejandro-murat-hinojosa"],"jetpack_featured_media_url":"https:\/\/zonaroja.com.mx\/wp-content\/uploads\/2021\/10\/AMH-SECTOR-SALUD-2.jpg","jetpack_sharing_enabled":true,"_links":{"self":[{"href":"https:\/\/zonaroja.com.mx\/index.php?rest_route=\/wp\/v2\/posts\/32775","targetHints":{"allow":["GET"]}}],"collection":[{"href":"https:\/\/zonaroja.com.mx\/index.php?rest_route=\/wp\/v2\/posts"}],"about":[{"href":"https:\/\/zonaroja.com.mx\/index.php?rest_route=\/wp\/v2\/types\/post"}],"author":[{"embeddable":true,"href":"https:\/\/zonaroja.com.mx\/index.php?rest_route=\/wp\/v2\/users\/2"}],"replies":[{"embeddable":true,"href":"https:\/\/zonaroja.com.mx\/index.php?rest_route=%2Fwp%2Fv2%2Fcomments&post=32775"}],"version-history":[{"count":1,"href":"https:\/\/zonaroja.com.mx\/index.php?rest_route=\/wp\/v2\/posts\/32775\/revisions"}],"predecessor-version":[{"id":32777,"href":"https:\/\/zonaroja.com.mx\/index.php?rest_route=\/wp\/v2\/posts\/32775\/revisions\/32777"}],"wp:featuredmedia":[{"embeddable":true,"href":"https:\/\/zonaroja.com.mx\/index.php?rest_route=\/wp\/v2\/media\/32776"}],"wp:attachment":[{"href":"https:\/\/zonaroja.com.mx\/index.php?rest_route=%2Fwp%2Fv2%2Fmedia&parent=32775"}],"wp:term":[{"taxonomy":"category","embeddable":true,"href":"https:\/\/zonaroja.com.mx\/index.php?rest_route=%2Fwp%2Fv2%2Fcategories&post=32775"},{"taxonomy":"post_tag","embeddable":true,"href":"https:\/\/zonaroja.com.mx\/index.php?rest_route=%2Fwp%2Fv2%2Ftags&post=32775"}],"curies":[{"name":"wp","href":"https:\/\/api.w.org\/{rel}","templated":true}]}}