{"id":32778,"date":"2021-10-04T18:59:37","date_gmt":"2021-10-04T23:59:37","guid":{"rendered":"http:\/\/www.zonaroja.com.mx\/?p=32778"},"modified":"2021-10-04T18:59:42","modified_gmt":"2021-10-04T23:59:42","slug":"inedita-e-inexplicable-caida-mundial-de-redes-sociales-por-siete-horas","status":"publish","type":"post","link":"https:\/\/zonaroja.com.mx\/?p=32778","title":{"rendered":"In\u00e9dita e inexplicable ca\u00edda mundial de redes sociales, por siete horas"},"content":{"rendered":"\n<p>Redacci\u00f3n\/Zona Roja Cdmx.<\/p>\n\n\n\n<p>Ciudad de M\u00e9xico, 4 de octubre de 2021.- Luego de m\u00e1s de siete horas de ca\u00edda mundial de tres redes sociales, hasta ahora no hay explicaci\u00f3n por parte de la compa\u00f1\u00eda que fund\u00f3 Mark Zuckerberg.<\/p>\n\n\n\n<p>Poco despu\u00e9s de las 10:00 horas de M\u00e9xico iniciaron las fallas en los servicios de Facebook y WhatsApp, adem\u00e1s de Instagram.<\/p>\n\n\n\n<p>\u201cA la gran comunidad de personas y empresas de todo el mundo que dependen de nosotros: lo sentimos. Hemos estado trabajando arduamente para restaurar el acceso a nuestras aplicaciones y servicios y nos complace informar que ahora est\u00e1n volviendo a estar en l\u00ednea. Gracias por soportarnos\u00bb, escribi\u00f3 la red social en su cuenta de Twitter.<\/p>\n\n\n\n<p>WhatsApp, Facebook e Instagram se cayeron a nivel mundial, lo que de inmediato caus\u00f3 alarma entre los internautas al pensar que se trataba de sus datos o internet, por lo que miles de millones de usuarios optaron por otros servicios, principalmente Telegram, en el caso de mensajer\u00eda, que por la tarde comenzaba tambi\u00e9n a fallar.<\/p>\n\n\n\n<p>A trav\u00e9s de Twitter, Facebook se disculp\u00f3 con sus usuarios por los inconvenientes en sus plataformas y asegur\u00f3 que trabaja para que \u00abtodo vuelva a la normalidad lo antes posible\u00bb.<\/p>\n\n\n\n<p>Cerca de las 18:00 horas los servicios comenzaron a restablecerse; sin embargo, hasta el momento no hay ninguna explicaci\u00f3n y si alg\u00fan \u201chacker\u201d rob\u00f3 datos durante ese lapso.<\/p>\n\n\n\n<p>Mientras tanto, Facebook report\u00f3 una p\u00e9rdida global de m\u00e1s de 19 mil millones de d\u00f3lares; s\u00f3lo esta red social cuenta con m\u00e1s de dos mil millones de usuarios en el mundo.<\/p>\n","protected":false},"excerpt":{"rendered":"<p>Redacci\u00f3n\/Zona Roja Cdmx. Ciudad de M\u00e9xico, 4 de octubre de 2021.- Luego de m\u00e1s de&hellip;<\/p>\n","protected":false},"author":2,"featured_media":32779,"comment_status":"closed","ping_status":"open","sticky":false,"template":"","format":"standard","meta":{"_lmt_disableupdate":"","_lmt_disable":"","_jetpack_memberships_contains_paid_content":false,"footnotes":""},"categories":[109,47],"tags":[],"class_list":["post-32778","post","type-post","status-publish","format-standard","has-post-thumbnail","hentry","category-minuto-a-minuto","category-zona-gris"],"jetpack_featured_media_url":"https:\/\/zonaroja.com.mx\/wp-content\/uploads\/2021\/10\/Redes-sociales.jpg","jetpack_sharing_enabled":true,"_links":{"self":[{"href":"https:\/\/zonaroja.com.mx\/index.php?rest_route=\/wp\/v2\/posts\/32778","targetHints":{"allow":["GET"]}}],"collection":[{"href":"https:\/\/zonaroja.com.mx\/index.php?rest_route=\/wp\/v2\/posts"}],"about":[{"href":"https:\/\/zonaroja.com.mx\/index.php?rest_route=\/wp\/v2\/types\/post"}],"author":[{"embeddable":true,"href":"https:\/\/zonaroja.com.mx\/index.php?rest_route=\/wp\/v2\/users\/2"}],"replies":[{"embeddable":true,"href":"https:\/\/zonaroja.com.mx\/index.php?rest_route=%2Fwp%2Fv2%2Fcomments&post=32778"}],"version-history":[{"count":1,"href":"https:\/\/zonaroja.com.mx\/index.php?rest_route=\/wp\/v2\/posts\/32778\/revisions"}],"predecessor-version":[{"id":32780,"href":"https:\/\/zonaroja.com.mx\/index.php?rest_route=\/wp\/v2\/posts\/32778\/revisions\/32780"}],"wp:featuredmedia":[{"embeddable":true,"href":"https:\/\/zonaroja.com.mx\/index.php?rest_route=\/wp\/v2\/media\/32779"}],"wp:attachment":[{"href":"https:\/\/zonaroja.com.mx\/index.php?rest_route=%2Fwp%2Fv2%2Fmedia&parent=32778"}],"wp:term":[{"taxonomy":"category","embeddable":true,"href":"https:\/\/zonaroja.com.mx\/index.php?rest_route=%2Fwp%2Fv2%2Fcategories&post=32778"},{"taxonomy":"post_tag","embeddable":true,"href":"https:\/\/zonaroja.com.mx\/index.php?rest_route=%2Fwp%2Fv2%2Ftags&post=32778"}],"curies":[{"name":"wp","href":"https:\/\/api.w.org\/{rel}","templated":true}]}}