{"id":32781,"date":"2021-10-04T19:43:11","date_gmt":"2021-10-05T00:43:11","guid":{"rendered":"http:\/\/www.zonaroja.com.mx\/?p=32781"},"modified":"2021-10-04T19:43:15","modified_gmt":"2021-10-05T00:43:15","slug":"escala-crisis-de-ingobernabilidad-en-oaxaca-se-multiplican-protestas","status":"publish","type":"post","link":"https:\/\/zonaroja.com.mx\/?p=32781","title":{"rendered":"Escala crisis de ingobernabilidad en Oaxaca; se multiplican protestas"},"content":{"rendered":"\n<p>Evlin Arag\u00f3n\/Zona Roja.<\/p>\n\n\n\n<p>Oaxaca de Ju\u00e1rez, Oax., 4 de octubre de 2021.- La crisis de ingobernabilidad se agudiz\u00f3 en Oaxaca, con protestas de varios sindicatos de bachilleratos; de trabajadores del ayuntamiento y de varias organizaciones sociales.<\/p>\n\n\n\n<p>Al menos cuatro sindicatos de trabajadores al servicio de la educaci\u00f3n media superior pararon labores y se movilizaron en la capital y al interior del estado debido a una serie de irregularidades y falta de pagos por parte de las \u00e1reas de finanzas estatales y federales.&nbsp;<\/p>\n\n\n\n<p>Desde temprana hora, integrantes del Sindicato de Trabajadores al Servicio del Colegio de Estudios Cient\u00edficos y Tecnol\u00f3gicos del Estado de Oaxaca instalaron un bloqueo vial a las afueras de las oficinas principales de la dependencia educativo, ubicadas en la colonia Reforma.&nbsp;<\/p>\n\n\n\n<p>Lo anterior para exigir el pago del incremento salarial correspondiente al ejercicio fiscal 2021 y los retroactivos correspondientes, tal y como lo dio a conocer el secretario de la gremial, Rodolfo Alfonso Reyes L\u00f3pez, quien responsabiliz\u00f3 al director del Cecyteo en Oaxaca, Gustavo Mar\u00edn Antonio, de no hacer su trabajo.&nbsp;<\/p>\n\n\n\n<p>Reyes L\u00f3pez asegur\u00f3 existe un adeudo por m\u00e1s de 20 millones de pesos y detall\u00f3 que en la movilizaci\u00f3n, que denominaron paro escalonado, participaron m\u00e1s de mil 350 trabajadoras y trabajadores que dejaron sin clases virtuales a m\u00e1s de 20 mil estudiantes.&nbsp;<\/p>\n\n\n\n<p>A dicha protesta le sigui\u00f3 la anunciada por el Sindicato del Cobao, que tambi\u00e9n suspendi\u00f3 actividades acad\u00e9micas y administrativas en sus 68 planteles escolarizados y 14 de ense\u00f1anza abierta, debido a la falta de pago del incremento salarial del 3.9 por ciento y el respectivo retroactivo de febrero a la fecha.&nbsp;<\/p>\n\n\n\n<p>De acuerdo con el dirigente Rufino Olea Gonz\u00e1lez, y al igual que en el caso del Cecyteo, el incremento forma parte de su firma de Contrato Colectivo por lo que, de no cumplirse la autoridad, encabezada por la Secretar\u00eda de Finanzas estar\u00eda violando sus derechos laborales ya pactados.\u00a0<\/p>\n\n\n\n<figure class=\"wp-block-embed-twitter wp-block-embed is-type-rich is-provider-twitter\"><div class=\"wp-block-embed__wrapper\">\n<div class=\"twitter-tweet\"><blockquote class=\"twitter-tweet\" data-lang=\"es\"><p lang=\"es\" dir=\"ltr\"><a href=\"https:\/\/twitter.com\/hashtag\/%C3%9AltimoMinuto?src=hash&amp;ref_src=twsrc%5Etfw\">#\u00daltimoMinuto<\/a> <br>Ante la ausencia del titular de la <a href=\"https:\/\/twitter.com\/SEGEGO_GobOax?ref_src=twsrc%5Etfw\">@SEGEGO_GobOax<\/a>, <a href=\"https:\/\/twitter.com\/PacoPiza9?ref_src=twsrc%5Etfw\">@PacoPiza9<\/a>, llega el responsable de la <a href=\"https:\/\/twitter.com\/FISCALIA_GobOax?ref_src=twsrc%5Etfw\">@FISCALIA_GobOax<\/a>, <a href=\"https:\/\/twitter.com\/PeimbertArturo?ref_src=twsrc%5Etfw\">@PeimbertArturo<\/a>, llega al bloqueo el San Felipe del Agua, ciudad de Oaxaca; dialoga con manifestantes y se retiran. <a href=\"https:\/\/t.co\/hpgtCB5qcs\">pic.twitter.com\/hpgtCB5qcs<\/a><\/p>&mdash; Zona Roja Oaxaca (@Zona_Roja_Oax) <a href=\"https:\/\/twitter.com\/Zona_Roja_Oax\/status\/1445068995674189840?ref_src=twsrc%5Etfw\">4 de octubre de 2021<\/a><\/blockquote><\/div>\n<\/div><\/figure>\n\n\n\n<p>En el caso del Cobao el adeudo es de 18 millones de pesos, repartido en dos mil 400 trabajadoras y trabajadores, mismo que ocasion\u00f3 el paro de labores que perjudica la educaci\u00f3n de m\u00e1s de 36 mil j\u00f3venes.&nbsp;&nbsp;<\/p>\n\n\n\n<p>Mientras que, el Sindicato \u00danico de Trabajadores del Instituto de Estudios de Bachillerato del Estado de Oaxaca (SUTIEBO), cuyos integrantes iniciaron desde el pasado viernes un paro de brazos ca\u00eddos en los 260 planteles y oficinas administrativa de la instituci\u00f3n, emprendieron una serie de movilizaciones en todo el estado.&nbsp;<\/p>\n\n\n\n<p>La protesta incluy\u00f3 la toma de las instalaciones de Ciudad Judicial, as\u00ed como las oficinas de Finanzas en las localidades de Huautla, Teotitl\u00e1n de Flores Mag\u00f3n, Tuxtepec y Cosolapa; adem\u00e1s de bloquear las carreteras federales a la Costa e Istmo de Tehuantepec, a la altura de Puerto Escondido y el Canal 33, respectivamente.<\/p>\n\n\n\n<p>Similares acciones aunque sin bloqueos emprendieron trabajadores del Colegio Superior para la Educaci\u00f3n Integral.<\/p>\n\n\n\n<figure class=\"wp-block-embed-twitter wp-block-embed is-type-rich is-provider-twitter\"><div class=\"wp-block-embed__wrapper\">\n<div class=\"twitter-tweet\"><blockquote class=\"twitter-tweet\" data-lang=\"es\"><p lang=\"es\" dir=\"ltr\"><a href=\"https:\/\/twitter.com\/hashtag\/%C3%9AltimoMinuto?src=hash&amp;ref_src=twsrc%5Etfw\">#\u00daltimoMinuto<\/a> <br>Un completo caos la capital de <a href=\"https:\/\/twitter.com\/hashtag\/Oaxaca?src=hash&amp;ref_src=twsrc%5Etfw\">#Oaxaca<\/a>, ante nula intervenci\u00f3n de las autoridades encabezadas por la <a href=\"https:\/\/twitter.com\/SEGEGO_GobOax?ref_src=twsrc%5Etfw\">@SEGEGO_GobOax<\/a>.<br>Militantes del CIPO llegan al z\u00f3calo de la capital para instalar un \u201cplant\u00f3n\u201d por temas de justicia. <a href=\"https:\/\/t.co\/ZKAnEjnIKZ\">pic.twitter.com\/ZKAnEjnIKZ<\/a><\/p>&mdash; Zona Roja Oaxaca (@Zona_Roja_Oax) <a href=\"https:\/\/twitter.com\/Zona_Roja_Oax\/status\/1445107425745399812?ref_src=twsrc%5Etfw\">4 de octubre de 2021<\/a><\/blockquote><\/div>\n<\/div><\/figure>\n\n\n\n<p>TAMBI\u00c9N ORGANIZACIONES<\/p>\n\n\n\n<p>Por si fuera poco, la protesta social se hizo presente de la mano de militantes del Consejo Ind\u00edgena Popular de Oaxaca \u00abRicardo Flores Mag\u00f3n\u00bb (CIPO-RFM), quienes desde temprana se concentraron en la fuente de las oCHO Regiones para exigir justicia, por el asesinato de Gustavo Cruz Mendoza, activista de la organizaci\u00f3n asesinado el 20 de enero del 2019.<\/p>\n\n\n\n<p>Las decenas de manifestantes marcharon hacia la Defensor\u00eda de los Derechos Humanos del Pueblo de Oaxaca y posteriormente al z\u00f3calo donde anunciaron que instalar\u00e1n un plant\u00f3n, a fin de darle cobertura la audiencia judicial que se lleva a cabo en contra de las personas se\u00f1aladas como presuntos responsables del homicidio.&nbsp;<\/p>\n\n\n\n<p>Por otra parte, integrantes de la organizaci\u00f3n \u201c23 de octubre\u201d bloquearon la Calzada San Felipe y bloquearon los accesos del Instituto Oaxaque\u00f1o Constructor de Infraestructura F\u00edsica Educativa (IOCIFED), entre otras dependencias, para exigir atenci\u00f3n puntual a sus diferentes demandas sociales, mismas que han dado a conocer previamente al gobierno.<\/p>\n\n\n\n<p>Ante la ausencia del titular del titular de la Secretar\u00eda General de Gobierno, Francisco Garc\u00eda L\u00f3pez, fue el fiscal de Oaxaca, Arturo Peimbert Calvo, quien dialog\u00f3 con el grupo manifestantes, consiguiendo incluso el retiro del grupo con la promesa de gestionar una mesa de trabajo con las autoridades.\u00a0<\/p>\n\n\n\n<figure class=\"wp-block-embed-twitter wp-block-embed is-type-rich is-provider-twitter\"><div class=\"wp-block-embed__wrapper\">\n<div class=\"twitter-tweet\"><blockquote class=\"twitter-tweet\" data-lang=\"es\"><p lang=\"es\" dir=\"ltr\"><a href=\"https:\/\/twitter.com\/hashtag\/%C3%9AltimoMinuto?src=hash&amp;ref_src=twsrc%5Etfw\">#\u00daltimoMinuto<\/a> <br>Las protestas se multiplican por todos lados en Oaxaca y las hay hasta en Ciudad Administrativa y Ciudad Judicial, adem\u00e1s de la regi\u00f3n del Istmo. <br>\u00bfY la <a href=\"https:\/\/twitter.com\/SEGEGO_GobOax?ref_src=twsrc%5Etfw\">@SEGEGO_GobOax<\/a>? <a href=\"https:\/\/t.co\/iRqJabuJ87\">pic.twitter.com\/iRqJabuJ87<\/a><\/p>&mdash; Zona Roja Oaxaca (@Zona_Roja_Oax) <a href=\"https:\/\/twitter.com\/Zona_Roja_Oax\/status\/1445030361084334084?ref_src=twsrc%5Etfw\">4 de octubre de 2021<\/a><\/blockquote><\/div>\n<\/div><\/figure>\n\n\n\n<p>La protesta de dicha organizaci\u00f3n incluy\u00f3 la toma de los accesos de Ciudad Administrativa y Judicial en donde exigieron a las autoridades estatales dejar de poner a la pandemia como pretexto para atender la demanda social<\/p>\n\n\n\n<p>Tambi\u00e9n, integrantes de la Asamblea Permanente de V\u00edctimas y ex Presos Pol\u00edticos protestaron en los juzgados federales, ubicados en la avenida Ju\u00e1rez, frente al parque \u201cEl Llano\u201d, para demandar cumplimiento de las autoridades con las v\u00edctimas del 2006.<\/p>\n\n\n\n<p>Adem\u00e1s del paro y bloqueo de trabajadores del ayuntamiento de Oaxaca de Ju\u00e1rez a calles de la capital, un grupo de afiliados al STEUABJO bloque\u00f3 por unas horas la avenida Universidad, para exigir la salida de su dirigente sindical, Ariel Luj\u00e1n P\u00e9rez.<\/p>\n","protected":false},"excerpt":{"rendered":"<p>Evlin Arag\u00f3n\/Zona Roja. Oaxaca de Ju\u00e1rez, Oax., 4 de octubre de 2021.- La crisis de&hellip;<\/p>\n","protected":false},"author":2,"featured_media":32782,"comment_status":"closed","ping_status":"open","sticky":false,"template":"","format":"standard","meta":{"_lmt_disableupdate":"","_lmt_disable":"","_jetpack_memberships_contains_paid_content":false,"footnotes":""},"categories":[109,47],"tags":[2496],"class_list":["post-32781","post","type-post","status-publish","format-standard","has-post-thumbnail","hentry","category-minuto-a-minuto","category-zona-gris","tag-marchas-y-bloqueos-oaxaca"],"jetpack_featured_media_url":"https:\/\/zonaroja.com.mx\/wp-content\/uploads\/2021\/10\/Protestas-Oaxaca-organizaciones.jpg","jetpack_sharing_enabled":true,"_links":{"self":[{"href":"https:\/\/zonaroja.com.mx\/index.php?rest_route=\/wp\/v2\/posts\/32781","targetHints":{"allow":["GET"]}}],"collection":[{"href":"https:\/\/zonaroja.com.mx\/index.php?rest_route=\/wp\/v2\/posts"}],"about":[{"href":"https:\/\/zonaroja.com.mx\/index.php?rest_route=\/wp\/v2\/types\/post"}],"author":[{"embeddable":true,"href":"https:\/\/zonaroja.com.mx\/index.php?rest_route=\/wp\/v2\/users\/2"}],"replies":[{"embeddable":true,"href":"https:\/\/zonaroja.com.mx\/index.php?rest_route=%2Fwp%2Fv2%2Fcomments&post=32781"}],"version-history":[{"count":1,"href":"https:\/\/zonaroja.com.mx\/index.php?rest_route=\/wp\/v2\/posts\/32781\/revisions"}],"predecessor-version":[{"id":32783,"href":"https:\/\/zonaroja.com.mx\/index.php?rest_route=\/wp\/v2\/posts\/32781\/revisions\/32783"}],"wp:featuredmedia":[{"embeddable":true,"href":"https:\/\/zonaroja.com.mx\/index.php?rest_route=\/wp\/v2\/media\/32782"}],"wp:attachment":[{"href":"https:\/\/zonaroja.com.mx\/index.php?rest_route=%2Fwp%2Fv2%2Fmedia&parent=32781"}],"wp:term":[{"taxonomy":"category","embeddable":true,"href":"https:\/\/zonaroja.com.mx\/index.php?rest_route=%2Fwp%2Fv2%2Fcategories&post=32781"},{"taxonomy":"post_tag","embeddable":true,"href":"https:\/\/zonaroja.com.mx\/index.php?rest_route=%2Fwp%2Fv2%2Ftags&post=32781"}],"curies":[{"name":"wp","href":"https:\/\/api.w.org\/{rel}","templated":true}]}}