{"id":3279,"date":"2019-08-21T22:08:00","date_gmt":"2019-08-22T03:08:00","guid":{"rendered":"http:\/\/www.zonaroja.com.mx\/?p=3279"},"modified":"2019-08-21T22:08:03","modified_gmt":"2019-08-22T03:08:03","slug":"reprocha-congreso-local-al-ejecutivo-estatal-feminicidios-e-inseguridad","status":"publish","type":"post","link":"https:\/\/zonaroja.com.mx\/?p=3279","title":{"rendered":"Reprocha Congreso local al Ejecutivo estatal feminicidios e inseguridad"},"content":{"rendered":"\n<p>Ismael\nGarc\u00eda M.\/Zona Roja. <\/p>\n\n\n\n<p>San Raymundo\nJalpan, Oax., 21 de agosto de 2019.- \u201c\u00a1Carmela, Carmela, Carmela!\u201d. El nombre\nde quien fuera presidenta municipal de San Jos\u00e9 Estancia Grande son\u00f3 en el\nCongreso de Oaxaca, tras el asesinato de la tambi\u00e9n profesora<\/p>\n\n\n\n<p>Por este\ncrimen y otros feminicidios recientes, entre ellos de la joven Mar\u00eda Eugenia en\nPuerto Escondido, el pleno de la 64 Legislatura aprob\u00f3, con 65 votos, un\nexhorto al Poder Ejecutivo que preside Alejandro Murat Hinojosa, a fin de que\ncese la violencia en contra de las mujeres.<\/p>\n\n\n\n<p>Adem\u00e1s, en\nel Punto de Acuerdo presentado por la diputada por Morena, Elisa Zepeda\nLagunas, recrimin\u00f3 que la Fiscal\u00eda General del Estado no inicie la\ninvestigaci\u00f3n como feminicidio de las muertes violentas de mujeres, como fue el\ncaso de Carmela Parral Santos, ultimada el pasado viernes junto con un\nfuncionario regional de Protecci\u00f3n Civil.<\/p>\n\n\n\n<p>\u201cEn general\nla violencia, y en espec\u00edfico la violencia contra las mujeres, ha aumentado\nnotablemente en el estado. Un d\u00eda despu\u00e9s del asesinato de Carmela fue\nasesinada Mar\u00eda Eugenia, de 19 a\u00f1os, en Puerto Escondido. Y dos d\u00edas despu\u00e9s\nMar\u00eda, de 40 a\u00f1os, en San Agust\u00edn Chayuco. <\/p>\n\n\n\n<p>\u201cUn recuento de la asociaci\u00f3n civil Consorcio Oaxaca da cuenta, al d\u00eda de hoy, de 334 mujeres asesinadas en el estado durante lo que va del sexenio del gobernador Alejandro Murat Hinojosa. Casi 150 por a\u00f1o, en promedio cinco cada semana. Van 88 mujeres asesinadas durante este a\u00f1o, y 119 desde que se activ\u00f3 la alerta de violencia de g\u00e9nero para Oaxaca\u201d, reproch\u00f3.<\/p>\n\n\n\n<figure class=\"wp-block-embed-twitter wp-block-embed is-type-rich is-provider-twitter\"><div class=\"wp-block-embed__wrapper\">\n<div class=\"twitter-tweet\"><blockquote class=\"twitter-tweet\" data-lang=\"es\"><p lang=\"es\" dir=\"ltr\">A propuesta de la diputada <a href=\"https:\/\/twitter.com\/Elisa_ZepedaOax?ref_src=twsrc%5Etfw\">@Elisa_ZepedaOax<\/a>, el <a href=\"https:\/\/twitter.com\/CongresoOaxLXIV?ref_src=twsrc%5Etfw\">@CongresoOaxLXIV<\/a> aprob\u00f3 hoy un pronunciamiento de rechazo a la violencia y condena por el asesinato de la alcaldesa Carmela Parral; exhorto al <a href=\"https:\/\/twitter.com\/GobOax?ref_src=twsrc%5Etfw\">@goboax<\/a> para proteger a las mujeres; que la <a href=\"https:\/\/twitter.com\/FISCALIA_GobOax?ref_src=twsrc%5Etfw\">@fiscalia_goboax<\/a> investigue como feminicidio. <a href=\"https:\/\/t.co\/NKFj8AMKDD\">pic.twitter.com\/NKFj8AMKDD<\/a><\/p>&mdash; Zona Roja Oaxaca (@MexRoja) <a href=\"https:\/\/twitter.com\/MexRoja\/status\/1164291296506204160?ref_src=twsrc%5Etfw\">21 de agosto de 2019<\/a><\/blockquote><\/div>\n<\/div><\/figure>\n\n\n\n<p>La\npresidenta de la Comisi\u00f3n Permanente de Administraci\u00f3n y Procuraci\u00f3n de\nJusticia del Congreso indic\u00f3 que es dif\u00edcil no relacionar el asesinato de\nCarmela con la violencia pol\u00edtica por raz\u00f3n de g\u00e9nero, que desde el a\u00f1o pasado\nse extendi\u00f3 y recrudeci\u00f3 contra mujeres que ejercieron su derecho a ser votadas\ne intentaron ejercer los cargos para los que fueron electas. <\/p>\n\n\n\n<p>Y reproch\u00f3:<\/p>\n\n\n\n<p>\u201cCon todo,\nen el caso del asesinato de Carmela, la Fiscal\u00eda General del Estado inform\u00f3 v\u00eda\nTwitter haber iniciado investigaci\u00f3n por homicidio, no por feminicidio. Ya\nhemos hablado antes de la necesidad de iniciar como feminicidio las\ninvestigaciones por todas las muertes violentas de mujeres. <\/p>\n\n\n\n<p>\u201cLos\nelementos del feminicidio no siempre est\u00e1n a la vista y para identificarlos es\nnecesario investigar los hechos y los antecedentes desde cierta perspectiva. De\nlo contrario se dejan de observar aspectos de g\u00e9nero que pueden ser cruciales\npara el esclarecimiento y aumentan las probabilidades de que estos cr\u00edmenes\nqueden impunes\u201d.<\/p>\n\n\n\n<p>A\u00f1adi\u00f3 que para acabar con la violencia pol\u00edtica por raz\u00f3n de g\u00e9nero, y para acabar con el feminicidio, es necesario acabar con la impunidad. \u201cEl delito que no se castiga est\u00e1 condenado a repetirse. La inacci\u00f3n gubernamental es c\u00f3mplice, en tanto que es una se\u00f1al para los perpetradores del crimen, en el sentido de que pueden actuar de nuevo, cuantas veces quieran\u201d.<\/p>\n\n\n\n<figure class=\"wp-block-embed-twitter wp-block-embed is-type-rich is-provider-twitter\"><div class=\"wp-block-embed__wrapper\">\n<div class=\"twitter-tweet\"><blockquote class=\"twitter-tweet\" data-lang=\"es\"><p lang=\"es\" dir=\"ltr\"><a href=\"https:\/\/twitter.com\/hashtag\/OaxacaRojo?src=hash&amp;ref_src=twsrc%5Etfw\">#OaxacaRojo<\/a><br>El nombre de Carmela Parral Santos fue coreado en el <a href=\"https:\/\/twitter.com\/CongresoOaxLXIV?ref_src=twsrc%5Etfw\">@CongresoOaxLXIV<\/a>, tras recriminar al gobernador <a href=\"https:\/\/twitter.com\/alejandromurat?ref_src=twsrc%5Etfw\">@alejandromurat<\/a> y a la <a href=\"https:\/\/twitter.com\/FISCALIA_GobOax?ref_src=twsrc%5Etfw\">@FISCALIA_GobOax<\/a> la ola de feminicidios e inseguridad. <br>El diputado Gustavo D\u00edaz reconoci\u00f3 que se debe legislar para endurecer las penas. <a href=\"https:\/\/t.co\/nW4TWEmng6\">pic.twitter.com\/nW4TWEmng6<\/a><\/p>&mdash; Zona Roja Oaxaca (@MexRoja) <a href=\"https:\/\/twitter.com\/MexRoja\/status\/1164373086180745217?ref_src=twsrc%5Etfw\">22 de agosto de 2019<\/a><\/blockquote><\/div>\n<\/div><\/figure>\n\n\n\n<p>Por ello,\nrechaz\u00f3 la violencia en contra de las mujeres; conden\u00f3 el asesinato de la\npresidenta municipal y exhort\u00f3 a la actuaci\u00f3n ministerial con la debida\ndiligencia, abordando el caso bajo la presunci\u00f3n de feminicidio y de violencia\npol\u00edtica por raz\u00f3n de g\u00e9nero, y el exhorto a la protecci\u00f3n urgente de las mujeres\nque puedan estar en riesgo de violencia pol\u00edtica de g\u00e9nero.<\/p>\n\n\n\n<p>A este Punto\nde Acuerdo se unieron varias legisladoras y legisladores, incluyendo del PRI,\nque tras ello, corearon el nombre de la profesora y alcaldesa asesinada el\npasado viernes.<\/p>\n","protected":false},"excerpt":{"rendered":"<p>Ismael Garc\u00eda M.\/Zona Roja. San Raymundo Jalpan, Oax., 21 de agosto de 2019.- \u201c\u00a1Carmela, Carmela,&hellip;<\/p>\n","protected":false},"author":2,"featured_media":3280,"comment_status":"closed","ping_status":"open","sticky":false,"template":"","format":"standard","meta":{"_lmt_disableupdate":"","_lmt_disable":"","_jetpack_memberships_contains_paid_content":false,"footnotes":""},"categories":[109,47],"tags":[303,215],"class_list":["post-3279","post","type-post","status-publish","format-standard","has-post-thumbnail","hentry","category-minuto-a-minuto","category-zona-gris","tag-congreso-del-estado-de-oaxaca","tag-elisa-zepeda-lagunas"],"jetpack_featured_media_url":"https:\/\/zonaroja.com.mx\/wp-content\/uploads\/2019\/08\/IMG_0473.jpg","jetpack_sharing_enabled":true,"_links":{"self":[{"href":"https:\/\/zonaroja.com.mx\/index.php?rest_route=\/wp\/v2\/posts\/3279","targetHints":{"allow":["GET"]}}],"collection":[{"href":"https:\/\/zonaroja.com.mx\/index.php?rest_route=\/wp\/v2\/posts"}],"about":[{"href":"https:\/\/zonaroja.com.mx\/index.php?rest_route=\/wp\/v2\/types\/post"}],"author":[{"embeddable":true,"href":"https:\/\/zonaroja.com.mx\/index.php?rest_route=\/wp\/v2\/users\/2"}],"replies":[{"embeddable":true,"href":"https:\/\/zonaroja.com.mx\/index.php?rest_route=%2Fwp%2Fv2%2Fcomments&post=3279"}],"version-history":[{"count":1,"href":"https:\/\/zonaroja.com.mx\/index.php?rest_route=\/wp\/v2\/posts\/3279\/revisions"}],"predecessor-version":[{"id":3281,"href":"https:\/\/zonaroja.com.mx\/index.php?rest_route=\/wp\/v2\/posts\/3279\/revisions\/3281"}],"wp:featuredmedia":[{"embeddable":true,"href":"https:\/\/zonaroja.com.mx\/index.php?rest_route=\/wp\/v2\/media\/3280"}],"wp:attachment":[{"href":"https:\/\/zonaroja.com.mx\/index.php?rest_route=%2Fwp%2Fv2%2Fmedia&parent=3279"}],"wp:term":[{"taxonomy":"category","embeddable":true,"href":"https:\/\/zonaroja.com.mx\/index.php?rest_route=%2Fwp%2Fv2%2Fcategories&post=3279"},{"taxonomy":"post_tag","embeddable":true,"href":"https:\/\/zonaroja.com.mx\/index.php?rest_route=%2Fwp%2Fv2%2Ftags&post=3279"}],"curies":[{"name":"wp","href":"https:\/\/api.w.org\/{rel}","templated":true}]}}