{"id":32790,"date":"2021-10-04T22:07:30","date_gmt":"2021-10-05T03:07:30","guid":{"rendered":"http:\/\/www.zonaroja.com.mx\/?p=32790"},"modified":"2021-10-04T22:07:33","modified_gmt":"2021-10-05T03:07:33","slug":"inauguran-en-huatulco-sede-de-la-uabjo-de-educacion-a-distancia","status":"publish","type":"post","link":"https:\/\/zonaroja.com.mx\/?p=32790","title":{"rendered":"Inauguran en Huatulco sede de la UABJO de educaci\u00f3n a distancia"},"content":{"rendered":"\n<p>Redacci\u00f3n\/Zona Roja.<\/p>\n\n\n\n<p>Oaxaca de Ju\u00e1rez, Oax., 4 de octubre de 2021.- Para seguir acercando la oferta educativa a las comunidades, el rector de la Universidad Aut\u00f3noma \u201cBenito Ju\u00e1rez\u201d de Oaxaca (UABJO), Eduardo Bautista Mart\u00ednez, inaugur\u00f3 una sede del Centro de Educaci\u00f3n Continua, Abierta y a Distancia (CECAD), en Santa Mar\u00eda Huatulco.<\/p>\n\n\n\n<p>Durante la ceremonia atestiguada por la senadora de la Rep\u00fablica, Susana Harp Iturribarr\u00eda, Bautista Mart\u00ednez formaliz\u00f3 esta colaboraci\u00f3n a trav\u00e9s de la firma de un convenio con el presidente municipal, Giovanne Gonz\u00e1lez Garc\u00eda.<\/p>\n\n\n\n<p>\u201cCon este esfuerzo de cooperaci\u00f3n, las instituciones ofrecer\u00e1n a j\u00f3venes y personas adultas, diez programas educativos de nivel medio superior y superior en las modalidades a distancia y en l\u00ednea\u201d, expres\u00f3.<\/p>\n\n\n\n<p>Enfatiz\u00f3 que esta acci\u00f3n es parte de los resultados del trabajo que se debe seguir emprendiendo con la suma de voluntades, tal como lo exige la sociedad: de manera cooperativa e interinstitucional, sin burocracias de ning\u00fan tipo, alentando siempre la participaci\u00f3n ciudadana.<\/p>\n\n\n\n<p>\u201cLa pandemia nos convoca a no quedarnos con los brazos cruzados, a no estar con la incertidumbre de c\u00f3mo van las se\u00f1ales de los sem\u00e1foros epidemiol\u00f3gicos, sino m\u00e1s bien a continuar con la actividad formativa, reestableciendo el tejido econ\u00f3mico de las comunidades\u201d, concluy\u00f3.<\/p>\n\n\n\n<p>FELICITA ESFUERZO<\/p>\n\n\n\n<p>Por su parte, la senadora Susana Harp felicit\u00f3 esta suma de esfuerzos centrada en el derecho a la educaci\u00f3n como una realidad no como un discurso. \u201cEs grato saber que la UABJO que es nuestra Casa de Estudios llegue a m\u00e1s localidades\u201d, expres\u00f3.<\/p>\n\n\n\n<p>En su oportunidad, el presidente municipal agradeci\u00f3 a la instituci\u00f3n por responder a la solicitud realizada y hacer posible este m\u00f3dulo educativo, el cual abre una puerta m\u00e1s para quienes desean seguir estudiando.<\/p>\n\n\n\n<figure class=\"wp-block-embed-twitter wp-block-embed is-type-rich is-provider-twitter\"><div class=\"wp-block-embed__wrapper\">\n<div class=\"twitter-tweet\"><blockquote class=\"twitter-tweet\" data-lang=\"es\"><p lang=\"es\" dir=\"ltr\"><a href=\"https:\/\/twitter.com\/hashtag\/%C3%9AltimoMinuto?src=hash&amp;ref_src=twsrc%5Etfw\">#\u00daltimoMinuto<\/a> <br>Este viernes, el rector de la <a href=\"https:\/\/twitter.com\/UABJO?ref_src=twsrc%5Etfw\">@UABJO<\/a>, <a href=\"https:\/\/twitter.com\/Bautistaeduardo?ref_src=twsrc%5Etfw\">@Bautistaeduardo<\/a>, inaugur\u00f3 una sede del <a href=\"https:\/\/twitter.com\/Cecad_UABJO?ref_src=twsrc%5Etfw\">@Cecad_UABJO<\/a> en Santa Mar\u00eda Huatulco. <br>Acudi\u00f3 como invitada especial la senadora por Morena, <a href=\"https:\/\/twitter.com\/SusanaHarp?ref_src=twsrc%5Etfw\">@SusanaHarp<\/a>. <br>Presidieron tambi\u00e9n reuniones con gremio del sector tur\u00edstico. <a href=\"https:\/\/t.co\/Pktry7BsNK\">pic.twitter.com\/Pktry7BsNK<\/a><\/p>&mdash; Zona Roja Oaxaca (@Zona_Roja_Oax) <a href=\"https:\/\/twitter.com\/Zona_Roja_Oax\/status\/1444140580565504008?ref_src=twsrc%5Etfw\">2 de octubre de 2021<\/a><\/blockquote><\/div>\n<\/div><\/figure>\n\n\n\n<p>Al respecto, el director del CECAD, Edwin Le\u00f3n Jim\u00e9nez, dio a conocer que en este espacio se ofertar\u00e1n siete Licenciaturas en colaboraci\u00f3n con la Universidad Nacional Aut\u00f3noma de M\u00e9xico (UNAM): Derecho, Trabajo Social, Ciencias de la Comunicaci\u00f3n, Ciencias Pol\u00edticas y Administraci\u00f3n P\u00fablica, Psicolog\u00eda, Dise\u00f1o y Comunicaci\u00f3n Visual y Pedagog\u00eda. As\u00ed tambi\u00e9n el Bachillerato Virtual, la Licenciatura en Econom\u00eda Social y la Maestr\u00eda en Sistema Acusatorio Adversarial, estos \u00faltimos de la propia instituci\u00f3n.<\/p>\n\n\n\n<p>FIRMAN CARTA<\/p>\n\n\n\n<p>En su visita de trabajo por la costa oaxaque\u00f1a, el Rector sostuvo una reuni\u00f3n con instancias gubernamentales, Asociaciones Civiles, Restauranteras y Hoteleras, para formar v\u00ednculos acad\u00e9micos a trav\u00e9s de la Facultad de Idiomas, desde sus distintas sedes.<\/p>\n\n\n\n<p>De esta manera se ampliar\u00e1n las pr\u00e1cticas profesionales y el servicio social, para brindar capacitaciones y cursos de idiomas, legua de se\u00f1as mexicanas, fomento y rescate de lenguas originarias y certificaciones oficiales.<\/p>\n\n\n\n<p>En el marco de esta reuni\u00f3n, se realiz\u00f3 la firma de una Carta de Intenciones con el presidente municipal Electo de Santa Mar\u00eda Huatulco, Jos\u00e9 Hern\u00e1ndez C\u00e1rdenas, atestiguado por la senadora Harp Iturribarr\u00eda, con miras a dar continuidad al trabajo acad\u00e9mico y de vinculaci\u00f3n.<\/p>\n","protected":false},"excerpt":{"rendered":"<p>Redacci\u00f3n\/Zona Roja. Oaxaca de Ju\u00e1rez, Oax., 4 de octubre de 2021.- Para seguir acercando la&hellip;<\/p>\n","protected":false},"author":2,"featured_media":32791,"comment_status":"closed","ping_status":"open","sticky":false,"template":"","format":"standard","meta":{"_lmt_disableupdate":"","_lmt_disable":"","_jetpack_memberships_contains_paid_content":false,"footnotes":""},"categories":[109,46],"tags":[360],"class_list":["post-32790","post","type-post","status-publish","format-standard","has-post-thumbnail","hentry","category-minuto-a-minuto","category-zona-blanca","tag-rector-eduardo-bautista-martinez"],"jetpack_featured_media_url":"https:\/\/zonaroja.com.mx\/wp-content\/uploads\/2021\/10\/Rector-UABJO-y-Susana-Harp-Huatulco.jpg","jetpack_sharing_enabled":true,"_links":{"self":[{"href":"https:\/\/zonaroja.com.mx\/index.php?rest_route=\/wp\/v2\/posts\/32790","targetHints":{"allow":["GET"]}}],"collection":[{"href":"https:\/\/zonaroja.com.mx\/index.php?rest_route=\/wp\/v2\/posts"}],"about":[{"href":"https:\/\/zonaroja.com.mx\/index.php?rest_route=\/wp\/v2\/types\/post"}],"author":[{"embeddable":true,"href":"https:\/\/zonaroja.com.mx\/index.php?rest_route=\/wp\/v2\/users\/2"}],"replies":[{"embeddable":true,"href":"https:\/\/zonaroja.com.mx\/index.php?rest_route=%2Fwp%2Fv2%2Fcomments&post=32790"}],"version-history":[{"count":1,"href":"https:\/\/zonaroja.com.mx\/index.php?rest_route=\/wp\/v2\/posts\/32790\/revisions"}],"predecessor-version":[{"id":32792,"href":"https:\/\/zonaroja.com.mx\/index.php?rest_route=\/wp\/v2\/posts\/32790\/revisions\/32792"}],"wp:featuredmedia":[{"embeddable":true,"href":"https:\/\/zonaroja.com.mx\/index.php?rest_route=\/wp\/v2\/media\/32791"}],"wp:attachment":[{"href":"https:\/\/zonaroja.com.mx\/index.php?rest_route=%2Fwp%2Fv2%2Fmedia&parent=32790"}],"wp:term":[{"taxonomy":"category","embeddable":true,"href":"https:\/\/zonaroja.com.mx\/index.php?rest_route=%2Fwp%2Fv2%2Fcategories&post=32790"},{"taxonomy":"post_tag","embeddable":true,"href":"https:\/\/zonaroja.com.mx\/index.php?rest_route=%2Fwp%2Fv2%2Ftags&post=32790"}],"curies":[{"name":"wp","href":"https:\/\/api.w.org\/{rel}","templated":true}]}}