{"id":32798,"date":"2021-10-05T07:44:14","date_gmt":"2021-10-05T12:44:14","guid":{"rendered":"http:\/\/www.zonaroja.com.mx\/?p=32798"},"modified":"2021-10-05T07:44:18","modified_gmt":"2021-10-05T12:44:18","slug":"vive-oaxaca-otro-dia-caotico-capital-sitiada-y-la-autoridades","status":"publish","type":"post","link":"https:\/\/zonaroja.com.mx\/?p=32798","title":{"rendered":"Vive Oaxaca otro d\u00eda ca\u00f3tico; capital sitiada; \u00bfy la autoridades?"},"content":{"rendered":"\n<p>Redacci\u00f3n\/Zona Roja.<\/p>\n\n\n\n<p>Oaxaca de Ju\u00e1rez, Oax., 5 de octubre de 2021.- Oaxaca vive un en\u00e9simo d\u00eda ca\u00f3tico, pero ahora las movilizaciones y bloqueos, en el caso de la capital, iniciaron desde las seis de la ma\u00f1ana.<\/p>\n\n\n\n<p>Trabajadores afiliados al Sindicato \u201c3 de Marzo\u201d han cerrado todos los accesos al centro de la ciudad de Oaxaca, a lo largo de la periferia, ante el desd\u00e9n del edil Oswaldo Garc\u00eda Jarqu\u00edn, surgido del Partido Morena, para atender sus demandas.<\/p>\n\n\n\n<p>Desde la semana pasada la dirigencia sindical que encabeza Pablo G\u00f3mez ha demandado una audiencia con el presidente municipal, pero \u00e9ste se ha negado a atenderlos.<\/p>\n\n\n\n<p>Por ello ayer lunes iniciaron con una concentraci\u00f3n en la Plaza de la Danza y despu\u00e9s bloquearon calles aleda\u00f1as a la sede del ayuntamiento, en el Centro Hist\u00f3rico, para retirarse por la noche.<\/p>\n\n\n\n<p>Y esta ma\u00f1ana, adem\u00e1s varias unidades del transporte de pasajeros y de carga, cierran los cruceros viales, sin que hasta el momento el ayuntamiento d\u00e9 una postura de atenci\u00f3n.<\/p>\n\n\n\n<figure class=\"wp-block-embed-twitter wp-block-embed is-type-rich is-provider-twitter\"><div class=\"wp-block-embed__wrapper\">\n<div class=\"twitter-tweet\"><blockquote class=\"twitter-tweet\" data-lang=\"es\"><p lang=\"es\" dir=\"ltr\"><a href=\"https:\/\/twitter.com\/hashtag\/%C3%9AltimoMinuto?src=hash&amp;ref_src=twsrc%5Etfw\">#\u00daltimoMinuto<\/a> <br>Por segundo d\u00eda, tambi\u00e9n la organizaci\u00f3n CIPO reactiv\u00f3 sus protestas y ahora se apodera de los accesos al Palacio de Gobierno, en la ciudad de <a href=\"https:\/\/twitter.com\/hashtag\/Oaxaca?src=hash&amp;ref_src=twsrc%5Etfw\">#Oaxaca<\/a>, y oficinas de Ciudad Administrativa, en Tlalixtac de Cabrera. <br>Prev\u00e9n incrementar movilizaciones y bloqueos. <a href=\"https:\/\/t.co\/VS7Lwr7nnQ\">pic.twitter.com\/VS7Lwr7nnQ<\/a><\/p>&mdash; Zona Roja Oaxaca (@Zona_Roja_Oax) <a href=\"https:\/\/twitter.com\/Zona_Roja_Oax\/status\/1445363659392311301?ref_src=twsrc%5Etfw\">5 de octubre de 2021<\/a><\/blockquote><\/div>\n<\/div><\/figure>\n\n\n\n<p>Mientras tanto, la capital padece de montones de basura en parques p\u00fablicos, calles y mercados, debido a la falta del servicio de recolecci\u00f3n; la inseguridad se increment\u00f3 ayer con un asalto violento en el centro, con cuantioso bot\u00edn, y un individuo asesinado por polic\u00edas.<\/p>\n\n\n\n<p>M\u00c1S PROTESTAS<\/p>\n\n\n\n<p>Por otra parte, el Consejo Ind\u00edgena Popular de Oaxaca (CIPO) que ayer inici\u00f3 su jornada de protestas, pernoct\u00f3 afuera de la sede de la Defensor\u00eda de los Derechos Humanos y esta ma\u00f1ana tambi\u00e9n a temprana hora reanud\u00f3 protestas.<\/p>\n\n\n\n<p>Bloquea la sede del Palacio de Gobierno, sobre la calle de Bustamante, as\u00ed como los complejos gubernamentales de Ciudad Administrativa y Ciudad Judicial.<\/p>\n\n\n\n<p>A la vez, la organizaci\u00f3n Antorcha Campesina se mantiene con el cierre vial a la calle Pino Su\u00e1rez, a la altura de la Casa Oficial, mientras que sobre avenida Ju\u00e1rez lo hace a\u00fan el Sindicato Independiente de Trabajadores y Profesionales de la Salud.<\/p>\n\n\n\n<p>Los sindicatos de bachilleratos prev\u00e9n tambi\u00e9n reanudar sus movilizaciones este martes.<\/p>\n\n\n\n<p>Anoche, la Secretar\u00eda General de Gobierno se limit\u00f3 a hacer un llamado a las organizaciones sociales, a trav\u00e9s de un comunicado, a no afectar a la poblaci\u00f3n en general, pero no ha dado a conocer la atenci\u00f3n que se brinda a las demandas.<\/p>\n\n\n\n<figure class=\"wp-block-embed-twitter wp-block-embed is-type-rich is-provider-twitter\"><div class=\"wp-block-embed__wrapper\">\n<div class=\"twitter-tweet\"><blockquote class=\"twitter-tweet\" data-lang=\"es\"><p lang=\"es\" dir=\"ltr\"><a href=\"https:\/\/twitter.com\/hashtag\/%C3%9AltimoMinuto?src=hash&amp;ref_src=twsrc%5Etfw\">#\u00daltimoMinuto<\/a> <br>Ciudad sitiada, tome previsiones. <br>Todos los accesos a la capital de <a href=\"https:\/\/twitter.com\/hashtag\/Oaxaca?src=hash&amp;ref_src=twsrc%5Etfw\">#Oaxaca<\/a> est\u00e1n cerrados por parte de afiliados al Sindicato \u201c3 de Marzo\u201d. <br>Se han apoderado tambi\u00e9n de al menos una decena de autobuses urbanos de pasajeros. <a href=\"https:\/\/t.co\/1QHSpD8F48\">pic.twitter.com\/1QHSpD8F48<\/a><\/p>&mdash; Zona Roja Oaxaca (@Zona_Roja_Oax) <a href=\"https:\/\/twitter.com\/Zona_Roja_Oax\/status\/1445351998237429765?ref_src=twsrc%5Etfw\">5 de octubre de 2021<\/a><\/blockquote><\/div>\n<\/div><\/figure>\n","protected":false},"excerpt":{"rendered":"<p>Redacci\u00f3n\/Zona Roja. Oaxaca de Ju\u00e1rez, Oax., 5 de octubre de 2021.- Oaxaca vive un en\u00e9simo&hellip;<\/p>\n","protected":false},"author":2,"featured_media":32799,"comment_status":"closed","ping_status":"open","sticky":false,"template":"","format":"standard","meta":{"_lmt_disableupdate":"","_lmt_disable":"","_jetpack_memberships_contains_paid_content":false,"footnotes":""},"categories":[109,47],"tags":[2121],"class_list":["post-32798","post","type-post","status-publish","format-standard","has-post-thumbnail","hentry","category-minuto-a-minuto","category-zona-gris","tag-secretaria-general-de-gobierno-segego"],"jetpack_featured_media_url":"https:\/\/zonaroja.com.mx\/wp-content\/uploads\/2021\/10\/Bloqueo-ciudad-Oaxaca.jpg","jetpack_sharing_enabled":true,"_links":{"self":[{"href":"https:\/\/zonaroja.com.mx\/index.php?rest_route=\/wp\/v2\/posts\/32798","targetHints":{"allow":["GET"]}}],"collection":[{"href":"https:\/\/zonaroja.com.mx\/index.php?rest_route=\/wp\/v2\/posts"}],"about":[{"href":"https:\/\/zonaroja.com.mx\/index.php?rest_route=\/wp\/v2\/types\/post"}],"author":[{"embeddable":true,"href":"https:\/\/zonaroja.com.mx\/index.php?rest_route=\/wp\/v2\/users\/2"}],"replies":[{"embeddable":true,"href":"https:\/\/zonaroja.com.mx\/index.php?rest_route=%2Fwp%2Fv2%2Fcomments&post=32798"}],"version-history":[{"count":1,"href":"https:\/\/zonaroja.com.mx\/index.php?rest_route=\/wp\/v2\/posts\/32798\/revisions"}],"predecessor-version":[{"id":32800,"href":"https:\/\/zonaroja.com.mx\/index.php?rest_route=\/wp\/v2\/posts\/32798\/revisions\/32800"}],"wp:featuredmedia":[{"embeddable":true,"href":"https:\/\/zonaroja.com.mx\/index.php?rest_route=\/wp\/v2\/media\/32799"}],"wp:attachment":[{"href":"https:\/\/zonaroja.com.mx\/index.php?rest_route=%2Fwp%2Fv2%2Fmedia&parent=32798"}],"wp:term":[{"taxonomy":"category","embeddable":true,"href":"https:\/\/zonaroja.com.mx\/index.php?rest_route=%2Fwp%2Fv2%2Fcategories&post=32798"},{"taxonomy":"post_tag","embeddable":true,"href":"https:\/\/zonaroja.com.mx\/index.php?rest_route=%2Fwp%2Fv2%2Ftags&post=32798"}],"curies":[{"name":"wp","href":"https:\/\/api.w.org\/{rel}","templated":true}]}}