{"id":32802,"date":"2021-10-05T08:08:38","date_gmt":"2021-10-05T13:08:38","guid":{"rendered":"http:\/\/www.zonaroja.com.mx\/?p=32802"},"modified":"2021-10-05T08:08:42","modified_gmt":"2021-10-05T13:08:42","slug":"lanzan-convocatoria-para-presentar-casos-ante-tribunal-feminista","status":"publish","type":"post","link":"https:\/\/zonaroja.com.mx\/?p=32802","title":{"rendered":"Lanzan convocatoria para presentar casos ante Tribunal Feminista"},"content":{"rendered":"\n<p>Evlin Arag\u00f3n\/Zona Roja.<\/p>\n\n\n\n<p>Oaxaca de Ju\u00e1rez, Oax., 5 de octubre de 2021.- Considerando que la violencia contra las mujeres es una violaci\u00f3n a sus derechos humanos, el Observatorio Ciudadano Nacional del Feminicidio, Consorcio para el Di\u00e1logo Parlamentario y la Equidad Oaxaca, as\u00ed como madres de v\u00edctimas de feminicidios anunciaron la convocatoria para presentar casos de violencia feminicida ante el Tribunal Feminista.<\/p>\n\n\n\n<p>De acuerdo con las promoventes, se trata de un esfuerzo por visibilizar la ausencia de justicia para mujeres que han sido v\u00edctimas de feminicidio o tentativa de feminicidio mediante un Tribunal que estar\u00e1 conformado por personas expertas y de reconocido prestigio por su trabajo por la justicia para las mujeres, tanto mexicanas como en otras naciones.&nbsp;<\/p>\n\n\n\n<p>Y es que aseguran que, la violencia contra las mujeres no representa alg\u00fan tipo de hecho aislado, por el contrario, es el reflejo de la estructura social patriarcal, que discrimina, excluye y desvaloriza la vida de las mujeres, prueba de ello la dilaci\u00f3n de la justicia.&nbsp;<\/p>\n\n\n\n<p>\u201cEl no acceso a la justicia genera impunidad y esta es resultado de la incapacidad institucional y da\u00f1a a toda la sociedad, pero en especial a las mujeres\u201d, refiere el equipo coordinador en Oaxaca.&nbsp;<\/p>\n\n\n\n<p>As\u00ed mismo sus integrantes recordaron que, en la administraci\u00f3n actual han ocurrido 556 asesinatos violentos contra mujeres de las ocho regiones de la entidad, menos del 25 por ciento de los cuales son reconocidos como feminicidios, lo que refleja opacidad oficial y profundiza la cadena de impunidad.&nbsp;<\/p>\n\n\n\n<p>Por lo anterior, anunciaron que pueden participar todas aquellas v\u00edctimas directas o indirectas de tentativa de feminicidio o feminicidio; que el delito haya sucedido en el estado de Oaxaca; que el acto feminicida haya ocurrido despu\u00e9s de agosto de 2012, a\u00f1o en que se tipific\u00f3 el delito en la entidad.<\/p>\n\n\n\n<p>As\u00ed mismo quienes permanezcan sin acceso a la justicia, por lo menos, desde hace tres a\u00f1os; y contar con expediente penal completo a disposici\u00f3n para su an\u00e1lisis.&nbsp;<\/p>\n\n\n\n<p>Las personas que cumplan con los requisitos anteriores pueden enviar un resumen de su caso, no mayor a tres cuartillas, al correo electr\u00f3nico tribunalfeminicidiooax@gmail.com a m\u00e1s tardar el pr\u00f3ximo 10 de octubre.&nbsp;<\/p>\n\n\n\n<p>Fue el pasado 2 de junio, que la periodista Soledad Jarqu\u00edn Edgar anunci\u00f3 la conformaci\u00f3n de un Tribunal Feminista contra la Violencia Feminicida y los Feminicidios en Oaxaca, por medio del cual se juzgar\u00e1 al ex fiscal, Rub\u00e9n Vasconcelos.\u00a0\u00a0<\/p>\n\n\n\n<p>De ah\u00ed que invit\u00f3 a las v\u00edctimas y familiares de v\u00edctimas que han visto obstruido su derecho de acceso a la justicia a participar y exponer sus casos con la intenci\u00f3n de generar una sanci\u00f3n social, a falta de instituciones formales comprometidas con su obligaci\u00f3n.<\/p>\n","protected":false},"excerpt":{"rendered":"<p>Evlin Arag\u00f3n\/Zona Roja. Oaxaca de Ju\u00e1rez, Oax., 5 de octubre de 2021.- Considerando que la&hellip;<\/p>\n","protected":false},"author":2,"featured_media":24715,"comment_status":"closed","ping_status":"open","sticky":false,"template":"","format":"standard","meta":{"_lmt_disableupdate":"","_lmt_disable":"","_jetpack_memberships_contains_paid_content":false,"footnotes":""},"categories":[109,47],"tags":[],"class_list":["post-32802","post","type-post","status-publish","format-standard","has-post-thumbnail","hentry","category-minuto-a-minuto","category-zona-gris"],"jetpack_featured_media_url":"https:\/\/zonaroja.com.mx\/wp-content\/uploads\/2021\/03\/Feminicidios.jpg","jetpack_sharing_enabled":true,"_links":{"self":[{"href":"https:\/\/zonaroja.com.mx\/index.php?rest_route=\/wp\/v2\/posts\/32802","targetHints":{"allow":["GET"]}}],"collection":[{"href":"https:\/\/zonaroja.com.mx\/index.php?rest_route=\/wp\/v2\/posts"}],"about":[{"href":"https:\/\/zonaroja.com.mx\/index.php?rest_route=\/wp\/v2\/types\/post"}],"author":[{"embeddable":true,"href":"https:\/\/zonaroja.com.mx\/index.php?rest_route=\/wp\/v2\/users\/2"}],"replies":[{"embeddable":true,"href":"https:\/\/zonaroja.com.mx\/index.php?rest_route=%2Fwp%2Fv2%2Fcomments&post=32802"}],"version-history":[{"count":1,"href":"https:\/\/zonaroja.com.mx\/index.php?rest_route=\/wp\/v2\/posts\/32802\/revisions"}],"predecessor-version":[{"id":32803,"href":"https:\/\/zonaroja.com.mx\/index.php?rest_route=\/wp\/v2\/posts\/32802\/revisions\/32803"}],"wp:featuredmedia":[{"embeddable":true,"href":"https:\/\/zonaroja.com.mx\/index.php?rest_route=\/wp\/v2\/media\/24715"}],"wp:attachment":[{"href":"https:\/\/zonaroja.com.mx\/index.php?rest_route=%2Fwp%2Fv2%2Fmedia&parent=32802"}],"wp:term":[{"taxonomy":"category","embeddable":true,"href":"https:\/\/zonaroja.com.mx\/index.php?rest_route=%2Fwp%2Fv2%2Fcategories&post=32802"},{"taxonomy":"post_tag","embeddable":true,"href":"https:\/\/zonaroja.com.mx\/index.php?rest_route=%2Fwp%2Fv2%2Ftags&post=32802"}],"curies":[{"name":"wp","href":"https:\/\/api.w.org\/{rel}","templated":true}]}}