{"id":32805,"date":"2021-10-05T08:26:45","date_gmt":"2021-10-05T13:26:45","guid":{"rendered":"http:\/\/www.zonaroja.com.mx\/?p=32805"},"modified":"2021-10-05T08:26:49","modified_gmt":"2021-10-05T13:26:49","slug":"la-pandemia-deja-huerfanos-a-244-mil-500-ninos-en-mexico","status":"publish","type":"post","link":"https:\/\/zonaroja.com.mx\/?p=32805","title":{"rendered":"La pandemia deja hu\u00e9rfanos a 244 mil 500 ni\u00f1os en M\u00e9xico"},"content":{"rendered":"\n<p>Redacci\u00f3n\/Zona Roja Cdmx.<\/p>\n\n\n\n<p>Ciudad de M\u00e9xico, 5 de octubre de 2021.- En M\u00e9xico, la pandemia del Covid-19 ha dejado 244 mil 500 ni\u00f1as y ni\u00f1os hu\u00e9rfanos, que perdieron a sus cuidadores primarios o secundarios, incluyendo padre, madre, abuelos con custodia o que viv\u00edan con ellos.<\/p>\n\n\n\n<p>Adem\u00e1s, de acuerdo con el reporte \u201cLa orfandad ocasionada por la pandemia\u201d, entre los pa\u00edses que registran el mayor n\u00famero de fallecimientos a causa del virus SARS-CoV-2, M\u00e9xico ha sido el m\u00e1s afectado en cuanto a la p\u00e9rdida de cuidadores primarios y secundarios por cada 100 muertes reportadas.<\/p>\n\n\n\n<p>El an\u00e1lisis del Instituto Belisario Dom\u00ednguez del Senado revela as\u00ed que, al mes de septiembre, por cada 100 fallecimientos por Covid-19, en Estados Unidos, 23 ni\u00f1as y ni\u00f1os perdieron a sus cuidadores primarios o secundarios, es decir, a su mam\u00e1, pap\u00e1, ambos o abuelos que viv\u00edan con ellos; en Brasil, 46; en India, 87; en M\u00e9xico, 90; en Per\u00fa, 60; en Rusia, 47; en Reino Unido, nueve; en Indonesia, 56; en Italia, cinco; y en Colombia, 67.<\/p>\n\n\n\n<p>El estudio, realizado con datos obtenidos de la Organizaci\u00f3n Mundial de la Salud y del Imperial College London, revela que esa \u201ccifra va en aumento\u201d; sin embargo, los apoyos que brinda el gobierno a los menores de edad en condici\u00f3n de orfandad \u201cson insuficientes\u201d.<\/p>\n\n\n\n<p>Por lo anterior, el an\u00e1lisis se\u00f1ala que es necesaria la intervenci\u00f3n del Estado para contrarrestar las consecuencias desafortunadas que pueden padecer los menores de edad debido al estado de orfandad mediante pol\u00edticas p\u00fablicas eficaces que busquen solucionar los problemas apoyando a los infantes y adolescentes a salir adelante, a pesar de experimentar la p\u00e9rdida de vidas de sus cuidadores y protectores.<\/p>\n\n\n\n<p>\u201cDe ah\u00ed que la respuesta por parte de la sociedad y, en espec\u00edfico, por parte de las instituciones gubernamentales y sector privado sea vital para poder afrontar las complicaciones que se desatar\u00e1n en las din\u00e1micas familiares y en el desarrollo particular de aquellas ni\u00f1as y ni\u00f1os\u201d.<\/p>\n\n\n\n<p>\u201cAsimismo, que por cada 100 muertes por Covid haya 90 ni\u00f1as y ni\u00f1os con p\u00e9rdidas de cuidadores (primarios o secundarios), evidencia que la contenci\u00f3n y el apoyo familiar en nuestro pa\u00eds es b\u00e1sico. Los cuidados de menores de edad dependen, en varios casos, de las abuelas y abuelos, por lo que las personas de la tercera edad han sido un pilar fundamental para que padres y madres de familia tengan la posibilidad de dedicarse a diferentes actividades econ\u00f3micas\u201d, se refiere.<\/p>\n\n\n\n<p>En este contexto, el l\u00edder de la bancada mayoritaria de Morena, Ricardo Monreal \u00c1vila, present\u00f3 en mayo pasado ante la Comisi\u00f3n Permanente una iniciativa de reforma que plantea que las autoridades federativas en sus tres niveles de gobierno deber\u00e1n implementar medidas para garantizar la protecci\u00f3n integral y proporcionar un programa de becas permanente en todos los niveles de educaci\u00f3n a los educandos en situaci\u00f3n de orfandad.<\/p>\n","protected":false},"excerpt":{"rendered":"<p>Redacci\u00f3n\/Zona Roja Cdmx. Ciudad de M\u00e9xico, 5 de octubre de 2021.- En M\u00e9xico, la pandemia&hellip;<\/p>\n","protected":false},"author":2,"featured_media":20382,"comment_status":"closed","ping_status":"open","sticky":false,"template":"","format":"standard","meta":{"_lmt_disableupdate":"","_lmt_disable":"","_jetpack_memberships_contains_paid_content":false,"footnotes":""},"categories":[109,47],"tags":[1328],"class_list":["post-32805","post","type-post","status-publish","format-standard","has-post-thumbnail","hentry","category-minuto-a-minuto","category-zona-gris","tag-coronavirus-mexico"],"jetpack_featured_media_url":"https:\/\/zonaroja.com.mx\/wp-content\/uploads\/2020\/11\/Menores-de-edad-Covid.jpg","jetpack_sharing_enabled":true,"_links":{"self":[{"href":"https:\/\/zonaroja.com.mx\/index.php?rest_route=\/wp\/v2\/posts\/32805","targetHints":{"allow":["GET"]}}],"collection":[{"href":"https:\/\/zonaroja.com.mx\/index.php?rest_route=\/wp\/v2\/posts"}],"about":[{"href":"https:\/\/zonaroja.com.mx\/index.php?rest_route=\/wp\/v2\/types\/post"}],"author":[{"embeddable":true,"href":"https:\/\/zonaroja.com.mx\/index.php?rest_route=\/wp\/v2\/users\/2"}],"replies":[{"embeddable":true,"href":"https:\/\/zonaroja.com.mx\/index.php?rest_route=%2Fwp%2Fv2%2Fcomments&post=32805"}],"version-history":[{"count":1,"href":"https:\/\/zonaroja.com.mx\/index.php?rest_route=\/wp\/v2\/posts\/32805\/revisions"}],"predecessor-version":[{"id":32806,"href":"https:\/\/zonaroja.com.mx\/index.php?rest_route=\/wp\/v2\/posts\/32805\/revisions\/32806"}],"wp:featuredmedia":[{"embeddable":true,"href":"https:\/\/zonaroja.com.mx\/index.php?rest_route=\/wp\/v2\/media\/20382"}],"wp:attachment":[{"href":"https:\/\/zonaroja.com.mx\/index.php?rest_route=%2Fwp%2Fv2%2Fmedia&parent=32805"}],"wp:term":[{"taxonomy":"category","embeddable":true,"href":"https:\/\/zonaroja.com.mx\/index.php?rest_route=%2Fwp%2Fv2%2Fcategories&post=32805"},{"taxonomy":"post_tag","embeddable":true,"href":"https:\/\/zonaroja.com.mx\/index.php?rest_route=%2Fwp%2Fv2%2Ftags&post=32805"}],"curies":[{"name":"wp","href":"https:\/\/api.w.org\/{rel}","templated":true}]}}