{"id":32807,"date":"2021-10-05T12:56:37","date_gmt":"2021-10-05T17:56:37","guid":{"rendered":"https:\/\/www.zonaroja.com.mx\/?p=32807"},"modified":"2021-10-05T12:56:42","modified_gmt":"2021-10-05T17:56:42","slug":"se-niega-diputada-local-del-pri-a-cubrir-danos-de-accidente-provocado","status":"publish","type":"post","link":"https:\/\/zonaroja.com.mx\/?p=32807","title":{"rendered":"Se niega diputada local del PRI a cubrir da\u00f1os de accidente provocado"},"content":{"rendered":"\n<p><\/p>\n\n\n\n<p>Evlin Arag\u00f3n\/Zona Roja.&nbsp;<\/p>\n\n\n\n<p>Oaxaca de Ju\u00e1rez, Oax., 5 de octubre de 2021.-&nbsp;La diputada local por el Partido Revolucionario Institucional, Yarith Tannos Cruz, se niega a cubrir con los gastos del accidente que, presuntamente, provoc\u00f3 el pasado 17 de septiembre sobre la carretera Oaxaca- Istmo, mismo que dej\u00f3 como saldo una mujer fallecida y al menos cinco personas heridas.&nbsp;&nbsp;<\/p>\n\n\n\n<p>As\u00ed lo dio a conocer Pedro Zarate R\u00edos, hijo de Martha R\u00edos R\u00edos quien perdiera la vida en el percance automovil\u00edstico, tras la primera audiencia que se llev\u00f3 a cabo&nbsp;este lunes&nbsp;al interior de la Vicefiscal\u00eda Regional del Istmo, en la que estuvo presente Tannos Cruz.&nbsp;<\/p>\n\n\n\n<p>De acuerdo con el joven, la legisladora, en conjunto con sus abogados, hizo ofrecimientos muy pobres avalados con peritos pero que no cubren siquiera los gastos ya realizados por la familia, por lo anterior no se lleg\u00f3 a ning\u00fan tipo de acuerdo.&nbsp;<\/p>\n\n\n\n<p>\u201cEstuvimos platicando con la diputada, pero no llegamos a ning\u00fan tipo de acuerdo porque los ofrecimientos son muy pobres. No estamos satisfechos con el manejo de la situaci\u00f3n ya que incluso los peritos han puesto precios rid\u00edculos que no cubren ni gastos\u201d, relat\u00f3.&nbsp;&nbsp;<\/p>\n\n\n\n<p>Ante dicha situaci\u00f3n, asegur\u00f3 que acudir\u00e1n a otras instancias para conseguir que se haga justicia por la muerte de su madre; a la par que advirti\u00f3 que el caso se ha viciado a presi\u00f3n de la legisladora quien delante de la familia neg\u00f3 estar en estado et\u00edlico al momento del accidente, pese a que la Fiscal\u00eda cuenta con otros reportes.&nbsp;&nbsp;<\/p>\n\n\n\n<p>\u201cYo le pregunt\u00e9 &nbsp;directamente a la diputada si ven\u00eda tomada el d\u00eda del accidente y me contest\u00f3 que no. Con las evidencias que hay, con la aceptaci\u00f3n de la Fiscal\u00eda y ahora ella dice que no\u201d, se\u00f1al\u00f3 Pedro Zarate.&nbsp;&nbsp;<\/p>\n\n\n\n<p>Debido a que la comunidad de Llano Grande, perteneciente al municipio de Jalapa del Marqu\u00e9s, apreciada mucho a la hoy occisa, sus familiares no descartaron las movilizaciones que pudieran llegar a realizar para exigir que la todav\u00eda diputada local asuma su responsabilidad e indemnice a la familia conforme a la ley.&nbsp;&nbsp;<\/p>\n\n\n\n<p>Conforme a los reportes de las corporaciones de emergencia, en el accidente estuvieron involucrados varios veh\u00edculos y resultaron lesionados Constantino Zarate R\u00edos, Jos\u00e9 Manuel Silva, Yaid Tamozare, Lucila Cruz Cruz, y Eberto Sosa Mart\u00ednez.&nbsp;<\/p>\n\n\n\n<p>Desde el momento de los hechos, en redes sociales trascendi\u00f3 el nombre de la diputada local Yarith Tannos Cruz a quien se\u00f1alaron como responsable, adem\u00e1s de acusarla de encontrarse en estado de ebriedad.  <\/p>\n","protected":false},"excerpt":{"rendered":"<p>Evlin Arag\u00f3n\/Zona Roja.&nbsp; Oaxaca de Ju\u00e1rez, Oax., 5 de octubre de 2021.-&nbsp;La diputada local por&hellip;<\/p>\n","protected":false},"author":2,"featured_media":32170,"comment_status":"closed","ping_status":"open","sticky":false,"template":"","format":"standard","meta":{"_lmt_disableupdate":"","_lmt_disable":"","_jetpack_memberships_contains_paid_content":false,"footnotes":""},"categories":[109,47],"tags":[2825],"class_list":["post-32807","post","type-post","status-publish","format-standard","has-post-thumbnail","hentry","category-minuto-a-minuto","category-zona-gris","tag-yarith-tannos-cruz"],"jetpack_featured_media_url":"https:\/\/zonaroja.com.mx\/wp-content\/uploads\/2021\/09\/Accidente-Oaxaca-Istmo-Yarith.jpg","jetpack_sharing_enabled":true,"_links":{"self":[{"href":"https:\/\/zonaroja.com.mx\/index.php?rest_route=\/wp\/v2\/posts\/32807","targetHints":{"allow":["GET"]}}],"collection":[{"href":"https:\/\/zonaroja.com.mx\/index.php?rest_route=\/wp\/v2\/posts"}],"about":[{"href":"https:\/\/zonaroja.com.mx\/index.php?rest_route=\/wp\/v2\/types\/post"}],"author":[{"embeddable":true,"href":"https:\/\/zonaroja.com.mx\/index.php?rest_route=\/wp\/v2\/users\/2"}],"replies":[{"embeddable":true,"href":"https:\/\/zonaroja.com.mx\/index.php?rest_route=%2Fwp%2Fv2%2Fcomments&post=32807"}],"version-history":[{"count":1,"href":"https:\/\/zonaroja.com.mx\/index.php?rest_route=\/wp\/v2\/posts\/32807\/revisions"}],"predecessor-version":[{"id":32808,"href":"https:\/\/zonaroja.com.mx\/index.php?rest_route=\/wp\/v2\/posts\/32807\/revisions\/32808"}],"wp:featuredmedia":[{"embeddable":true,"href":"https:\/\/zonaroja.com.mx\/index.php?rest_route=\/wp\/v2\/media\/32170"}],"wp:attachment":[{"href":"https:\/\/zonaroja.com.mx\/index.php?rest_route=%2Fwp%2Fv2%2Fmedia&parent=32807"}],"wp:term":[{"taxonomy":"category","embeddable":true,"href":"https:\/\/zonaroja.com.mx\/index.php?rest_route=%2Fwp%2Fv2%2Fcategories&post=32807"},{"taxonomy":"post_tag","embeddable":true,"href":"https:\/\/zonaroja.com.mx\/index.php?rest_route=%2Fwp%2Fv2%2Ftags&post=32807"}],"curies":[{"name":"wp","href":"https:\/\/api.w.org\/{rel}","templated":true}]}}