{"id":32812,"date":"2021-10-05T18:21:26","date_gmt":"2021-10-05T23:21:26","guid":{"rendered":"http:\/\/www.zonaroja.com.mx\/?p=32812"},"modified":"2021-10-05T18:21:30","modified_gmt":"2021-10-05T23:21:30","slug":"otra-de-oswaldo-la-scjn-desecha-impuestos-por-alumbrado-publico-en-la-capital","status":"publish","type":"post","link":"https:\/\/zonaroja.com.mx\/?p=32812","title":{"rendered":"Otra de Oswaldo: la SCJN desecha impuestos por alumbrado p\u00fablico en la capital"},"content":{"rendered":"\n<p>Evlin Arag\u00f3n\/Zona Roja.<\/p>\n\n\n\n<p>Oaxaca de Ju\u00e1rez, Oax., 5 de octubre de 2021.- La Suprema Corte de Justicia de la Naci\u00f3n (SCJN) invalid\u00f3 el cobro de impuestos al servicio de alumbrado p\u00fablico de la capital oaxaque\u00f1a, tal y como lo propon\u00eda la Ley de Ingresos del municipio de Oaxaca de Ju\u00e1rez, para el ejercicio fiscal de 2021, aprobada por el Congreso local.&nbsp;&nbsp;<\/p>\n\n\n\n<p>El ayuntamiento capitalino, representado por Oswaldo Garc\u00eda Jarqu\u00edn, consideraba el cobro del servicio p\u00fablico con base en una cuota establecida directamente sobre el consumo de energ\u00eda el\u00e9ctrica, disposici\u00f3n que \u00fanicamente puede ser avalada por el Congreso de la Uni\u00f3n.&nbsp;<\/p>\n\n\n\n<p>\u201cLas disposiciones invalidadas preve\u00edan el cobro de ese servicio con base en una cuota establecida directamente sobre el consumo de energ\u00eda el\u00e9ctrica, para lo cual el Congreso estatal no est\u00e1 facultado, toda vez que el establecimiento de contribuciones sobre energ\u00eda el\u00e9ctrica es competencia exclusiva del Congreso de la Uni\u00f3n\u201d, cita la resoluci\u00f3n.&nbsp;<\/p>\n\n\n\n<p>Fue la Comisi\u00f3n Nacional de los Derechos Humanos quien promovi\u00f3 la acci\u00f3n de inconstitucionalidad 51\/2021 demandando la invalidez de diversas disposiciones de la Ley de Ingresos municipal, misma que aprobada por el Congreso local y publicada en el Peri\u00f3dico Oficial, en febrero de 2021.&nbsp;&nbsp;<\/p>\n\n\n\n<p>La SCJN tambi\u00e9n cancel\u00f3 los cobros que establec\u00eda la misma normatividad para la b\u00fasqueda y reproducci\u00f3n de informaci\u00f3n p\u00fablica en copias simples, copias certificadas y medios magn\u00e9ticos, mismas que resultaban violatorias al principio de gratuidad en el derecho al acceso a la informaci\u00f3n p\u00fablica.&nbsp;<\/p>\n\n\n\n<p>Y es que, de acuerdo con la Corte, las disposiciones emitidas desde el ayuntamiento de Oaxaca de Ju\u00e1rez no justifican, en ning\u00fan momento, los costos por la reproducci\u00f3n de la informaci\u00f3n; adem\u00e1s que, en el caso del cobro por copias certificadas, se contraponen al principio de proporcionalidad tributaria.&nbsp;&nbsp;&nbsp;<\/p>\n\n\n\n<p>Por lo anterior solicit\u00f3 al Congreso local abstenerse de incurrir en los mismos vicios de inconstitucionalidad, toda vez que se trata de disposiciones general de vigencia anual.&nbsp;<\/p>\n\n\n\n<p>Desde finales del 2020, regidores de Morena rechazaron la propuesta de Ley de Ingresos presentada por el edil Oswaldo Garc\u00eda Jarqu\u00edn, debido a que plateaba el aumento y la creaci\u00f3n de nuevos impuestos, pese a la crisis econ\u00f3mica derivada de la pandemia por Covid-19.&nbsp;<\/p>\n\n\n\n<p>As\u00ed mismo, criticaron no considerar otras alternativas como realizar recortes a gastos innecesarios del municipio y reorientarlos a \u00e1reas de atenci\u00f3n prioritarias, previo a incrementar los gastos de la poblaci\u00f3n capitalina.&nbsp;<\/p>\n","protected":false},"excerpt":{"rendered":"<p>Evlin Arag\u00f3n\/Zona Roja. Oaxaca de Ju\u00e1rez, Oax., 5 de octubre de 2021.- La Suprema Corte&hellip;<\/p>\n","protected":false},"author":2,"featured_media":32813,"comment_status":"closed","ping_status":"open","sticky":false,"template":"","format":"standard","meta":{"_lmt_disableupdate":"","_lmt_disable":"","_jetpack_memberships_contains_paid_content":false,"footnotes":""},"categories":[109,47],"tags":[115],"class_list":["post-32812","post","type-post","status-publish","format-standard","has-post-thumbnail","hentry","category-minuto-a-minuto","category-zona-gris","tag-oswaldo-garcia-jarquin"],"jetpack_featured_media_url":"https:\/\/zonaroja.com.mx\/wp-content\/uploads\/2021\/10\/Sentencia-SCJN-ayuntamiento.jpg","jetpack_sharing_enabled":true,"_links":{"self":[{"href":"https:\/\/zonaroja.com.mx\/index.php?rest_route=\/wp\/v2\/posts\/32812","targetHints":{"allow":["GET"]}}],"collection":[{"href":"https:\/\/zonaroja.com.mx\/index.php?rest_route=\/wp\/v2\/posts"}],"about":[{"href":"https:\/\/zonaroja.com.mx\/index.php?rest_route=\/wp\/v2\/types\/post"}],"author":[{"embeddable":true,"href":"https:\/\/zonaroja.com.mx\/index.php?rest_route=\/wp\/v2\/users\/2"}],"replies":[{"embeddable":true,"href":"https:\/\/zonaroja.com.mx\/index.php?rest_route=%2Fwp%2Fv2%2Fcomments&post=32812"}],"version-history":[{"count":1,"href":"https:\/\/zonaroja.com.mx\/index.php?rest_route=\/wp\/v2\/posts\/32812\/revisions"}],"predecessor-version":[{"id":32814,"href":"https:\/\/zonaroja.com.mx\/index.php?rest_route=\/wp\/v2\/posts\/32812\/revisions\/32814"}],"wp:featuredmedia":[{"embeddable":true,"href":"https:\/\/zonaroja.com.mx\/index.php?rest_route=\/wp\/v2\/media\/32813"}],"wp:attachment":[{"href":"https:\/\/zonaroja.com.mx\/index.php?rest_route=%2Fwp%2Fv2%2Fmedia&parent=32812"}],"wp:term":[{"taxonomy":"category","embeddable":true,"href":"https:\/\/zonaroja.com.mx\/index.php?rest_route=%2Fwp%2Fv2%2Fcategories&post=32812"},{"taxonomy":"post_tag","embeddable":true,"href":"https:\/\/zonaroja.com.mx\/index.php?rest_route=%2Fwp%2Fv2%2Ftags&post=32812"}],"curies":[{"name":"wp","href":"https:\/\/api.w.org\/{rel}","templated":true}]}}