{"id":32816,"date":"2021-10-05T18:54:32","date_gmt":"2021-10-05T23:54:32","guid":{"rendered":"http:\/\/www.zonaroja.com.mx\/?p=32816"},"modified":"2021-10-05T18:54:36","modified_gmt":"2021-10-05T23:54:36","slug":"pese-a-no-tener-militantes-dice-prd-que-no-hara-alianza-electoral-en-oaxaca","status":"publish","type":"post","link":"https:\/\/zonaroja.com.mx\/?p=32816","title":{"rendered":"Pese a no tener militantes, dice PRD que no har\u00e1 alianza electoral en Oaxaca"},"content":{"rendered":"\n<p>Evlin Arag\u00f3n\/Zona Roja.<\/p>\n\n\n\n<p>Oaxaca de Ju\u00e1rez, Oax., 5 de octubre de 2021.- Con reducidas probabilidades de figurar en solitario, el Partido de la Revoluci\u00f3n Democr\u00e1tica (PRD) anunci\u00f3 su estrategia electoral rumbo a la gubernatura de Oaxaca, misma que se renueva mediante el voto ciudadano en junio del 2022.&nbsp;<\/p>\n\n\n\n<p>En conferencia de prensa, la dirigencia nacional, encabezada por Jes\u00fas Zambrano Grijalva, asegur\u00f3 que por el momento no ven condiciones para ir en alianza en las pr\u00f3ximas elecciones, por lo que ya buscan un candidato o candidata que pueda ir solos a la contienda.&nbsp;<\/p>\n\n\n\n<p>\u201cNo hay las condiciones para reeditar la coalici\u00f3n \u2018Va por Oaxaca\u2019 con el PRI y el PAN aqu\u00ed en el estado, por lo tanto, estamos hablando con posibles candidatos y candidatas para que puedan ponerse al frente de esta batalla en los meses siguientes\u201d, manifest\u00f3 el dirigente.&nbsp;<\/p>\n\n\n\n<p>Lo anterior dijo no quita la apertura del partido para dialogar, en los pr\u00f3ximos meses, con distintas fuerzas pol\u00edticas y sociales a excepci\u00f3n de Morena, con quien definitivamente no podr\u00edan compartir un proyecto en com\u00fan y, por el contrario, ser\u00eda un duro golpe para la verdadera izquierda que pretende representar el partido del Sol Azteca en la entidad oaxaque\u00f1a.&nbsp;<\/p>\n\n\n\n<p>Zambrano Grijalva detall\u00f3 que la pol\u00edtica de alianza, al interior del partido, ser\u00e1 incluso revisada a nivel nacional, a fin de promover que sean los comit\u00e9s estatales quienes determinen la viabilidad de ir en conjunto o en solitario en los diversos procesos electorales.\u00a0<\/p>\n\n\n\n<figure class=\"wp-block-embed-twitter wp-block-embed is-type-rich is-provider-twitter\"><div class=\"wp-block-embed__wrapper\">\n<div class=\"twitter-tweet\"><blockquote class=\"twitter-tweet\" data-lang=\"es\"><p lang=\"es\" dir=\"ltr\"><a href=\"https:\/\/twitter.com\/hashtag\/%C3%9AltimoMinuto?src=hash&amp;ref_src=twsrc%5Etfw\">#\u00daltimoMinuto<\/a> <br>En conferencia de prensa, el dirigente nacional del <a href=\"https:\/\/twitter.com\/PRDMexico?ref_src=twsrc%5Etfw\">@PRDMexico<\/a>, Jes\u00fas Zambrano, afirm\u00f3 en <a href=\"https:\/\/twitter.com\/hashtag\/Oaxaca?src=hash&amp;ref_src=twsrc%5Etfw\">#Oaxaca<\/a> que no ve condiciones para una alianza con el PRI y con el PAN para la gubernatura. <a href=\"https:\/\/t.co\/DOxq5SEebn\">pic.twitter.com\/DOxq5SEebn<\/a><\/p>&mdash; Zona Roja Oaxaca (@Zona_Roja_Oax) <a href=\"https:\/\/twitter.com\/Zona_Roja_Oax\/status\/1445430300843126789?ref_src=twsrc%5Etfw\">5 de octubre de 2021<\/a><\/blockquote><\/div>\n<\/div><\/figure>\n\n\n\n<p>Y aunque el discurso de no ir en alianza no es nuevo, previo a un proceso electoral, el l\u00edder perredista insisti\u00f3 en que no existen las condiciones actuales para ir en conjunto con otros partidos, por lo que incluso podr\u00eda ser una candidatura ciudadana la que impulsar\u00eda el partido.<\/p>\n\n\n\n<p>As\u00ed mismo detall\u00f3 que, pese a que las encuestas favorecen a Morena, dicho partido no es invencible, particularmente si se toma en cuenta que viene la lucha por la candidatura al interior del partido, lo cual sin duda pueda fracturar la unidad y la fuerza del mismo.&nbsp;<\/p>\n\n\n\n<p>El dirigente nacional del PRD reconoci\u00f3 los deficientes n\u00fameros obtenidos, poco m\u00e1s del cuatro por ciento de la votaci\u00f3n nacional, sin embargo, conservan el registro y con ello la posibilidad de continuar encabezando un proyecto de izquierda en el pa\u00eds.&nbsp;<\/p>\n\n\n\n<p>\u201cNo estamos conformes como PRD, ni nacional ni estatal, con el resultado electoral y desde luego tampoco para la coalici\u00f3n que conformamos porque terminamos sin obtener ning\u00fan triunfo en los 12 distritos electorales federales por los que se compitieron\u201d, dijo.&nbsp;<\/p>\n\n\n\n<p>Por \u00faltimo, asegur\u00f3 que el partido del Sol Azteca requiere una reforma profunda en muchos sentidos para redimensionar, de ah\u00ed que plantean cambios importantes en los estatutos, a fin de consolidar la izquierda progresista, democr\u00e1tica y liberal que M\u00e9xico merece.&nbsp;<\/p>\n","protected":false},"excerpt":{"rendered":"<p>Evlin Arag\u00f3n\/Zona Roja. Oaxaca de Ju\u00e1rez, Oax., 5 de octubre de 2021.- Con reducidas probabilidades&hellip;<\/p>\n","protected":false},"author":2,"featured_media":32817,"comment_status":"closed","ping_status":"open","sticky":false,"template":"","format":"standard","meta":{"_lmt_disableupdate":"","_lmt_disable":"","_jetpack_memberships_contains_paid_content":false,"footnotes":""},"categories":[109,47],"tags":[2613],"class_list":["post-32816","post","type-post","status-publish","format-standard","has-post-thumbnail","hentry","category-minuto-a-minuto","category-zona-gris","tag-jesus-zambrano-grijalva"],"jetpack_featured_media_url":"https:\/\/zonaroja.com.mx\/wp-content\/uploads\/2021\/10\/Conferencia-PRD-Zambrano-Oaxaca.jpg","jetpack_sharing_enabled":true,"_links":{"self":[{"href":"https:\/\/zonaroja.com.mx\/index.php?rest_route=\/wp\/v2\/posts\/32816","targetHints":{"allow":["GET"]}}],"collection":[{"href":"https:\/\/zonaroja.com.mx\/index.php?rest_route=\/wp\/v2\/posts"}],"about":[{"href":"https:\/\/zonaroja.com.mx\/index.php?rest_route=\/wp\/v2\/types\/post"}],"author":[{"embeddable":true,"href":"https:\/\/zonaroja.com.mx\/index.php?rest_route=\/wp\/v2\/users\/2"}],"replies":[{"embeddable":true,"href":"https:\/\/zonaroja.com.mx\/index.php?rest_route=%2Fwp%2Fv2%2Fcomments&post=32816"}],"version-history":[{"count":1,"href":"https:\/\/zonaroja.com.mx\/index.php?rest_route=\/wp\/v2\/posts\/32816\/revisions"}],"predecessor-version":[{"id":32818,"href":"https:\/\/zonaroja.com.mx\/index.php?rest_route=\/wp\/v2\/posts\/32816\/revisions\/32818"}],"wp:featuredmedia":[{"embeddable":true,"href":"https:\/\/zonaroja.com.mx\/index.php?rest_route=\/wp\/v2\/media\/32817"}],"wp:attachment":[{"href":"https:\/\/zonaroja.com.mx\/index.php?rest_route=%2Fwp%2Fv2%2Fmedia&parent=32816"}],"wp:term":[{"taxonomy":"category","embeddable":true,"href":"https:\/\/zonaroja.com.mx\/index.php?rest_route=%2Fwp%2Fv2%2Fcategories&post=32816"},{"taxonomy":"post_tag","embeddable":true,"href":"https:\/\/zonaroja.com.mx\/index.php?rest_route=%2Fwp%2Fv2%2Ftags&post=32816"}],"curies":[{"name":"wp","href":"https:\/\/api.w.org\/{rel}","templated":true}]}}