{"id":32827,"date":"2021-10-05T22:27:18","date_gmt":"2021-10-06T03:27:18","guid":{"rendered":"http:\/\/www.zonaroja.com.mx\/?p=32827"},"modified":"2021-10-05T22:27:22","modified_gmt":"2021-10-06T03:27:22","slug":"exhibe-gobernador-a-edil-morenista-con-adelanto-de-20-mdp","status":"publish","type":"post","link":"https:\/\/zonaroja.com.mx\/?p=32827","title":{"rendered":"Exhibe gobernador a edil morenista con adelanto de 20 mdp"},"content":{"rendered":"\n<p>Redacci\u00f3n\/Zona Roja.<\/p>\n\n\n\n<p>Oaxaca de Ju\u00e1rez, Oax., 5 de octubre de 2021.- S\u00f3lo despu\u00e9s de haber sido exhibido por el gobernador Alejandro Murat de haber recibido un adelanto de participaciones por 20 millones de pesos, el edil morenista de Oaxaca de Ju\u00e1rez, Oswaldo Garc\u00eda Jarqu\u00edn, convoc\u00f3 a una sesi\u00f3n extraordinaria de Cabildo la tarde de este martes.<\/p>\n\n\n\n<p>\u201cEl Estado cumpli\u00f3 en tiempo y forma; el presidente municipal es mi amigo; se le entregaron 20 millones de pesos pero hasta el momento ni el Cabildo ni \u00e9l han tenido la capacidad para poder bajar ese recurso\u201d, dijo el mandatario en entrevista.<\/p>\n\n\n\n<p>\u201cHay facultades que no tiene el gobernador y una es ser presidente municipal; yo no puedo ser o tomar decisiones que no me competen, lo que puedo hacer es que se faciliten las condiciones, los acuerdos y el di\u00e1logo y eso es lo que reitero\u2026 pero ya si ellos y ellas no se ponen de acuerdo, eso ya no es facultad ni competencia del Estado\u201d, dijo.<\/p>\n\n\n\n<figure class=\"wp-block-embed-twitter wp-block-embed is-type-rich is-provider-twitter\"><div class=\"wp-block-embed__wrapper\">\n<div class=\"twitter-tweet\"><blockquote class=\"twitter-tweet\" data-lang=\"es\"><p lang=\"es\" dir=\"ltr\">\u00bfQu\u00e9 le parece? Al edil <a href=\"https:\/\/twitter.com\/oswaldogarciaj?ref_src=twsrc%5Etfw\">@oswaldogarciaj<\/a> se le dio un adelanto de 20 mdp que pidi\u00f3, dijo hoy el gobernador <a href=\"https:\/\/twitter.com\/alejandromurat?ref_src=twsrc%5Etfw\">@alejandromurat<\/a>. <br>Sin embargo, en el <a href=\"https:\/\/twitter.com\/MunicipioOaxaca?ref_src=twsrc%5Etfw\">@MunicipioOaxaca<\/a> no se ponen de acuerdo para ejercerlo, dijo. <br>Video: Cortes\u00eda <a href=\"https:\/\/t.co\/j6ylMPlIF3\">pic.twitter.com\/j6ylMPlIF3<\/a><\/p>&mdash; Zona Roja Oaxaca (@Zona_Roja_Oax) <a href=\"https:\/\/twitter.com\/Zona_Roja_Oax\/status\/1445543876102656000?ref_src=twsrc%5Etfw\">6 de octubre de 2021<\/a><\/blockquote><\/div>\n<\/div><\/figure>\n\n\n\n<p>SESI\u00d3N URGENTE<\/p>\n\n\n\n<p>Tras ello, y el marco del segundo d\u00eda de paro de labores con bloqueos por parte de trabajadores afiliados al Sindicato \u201c3 de Marzo\u201d, el edil surgido del Partido Morena convoc\u00f3 a una sesi\u00f3n urgente de Cabildo.<\/p>\n\n\n\n<p>Tras ello, el cuerpo edilicio aprob\u00f3 aceptar la gesti\u00f3n del pr\u00e9stamo de 20 millones de pesos, que se pagar\u00e1 en tres partes, cada mes de lo que resta del a\u00f1o y que servir\u00e1 principalmente para pagar el arrendamiento de 40 camiones recolectores de basura.<\/p>\n\n\n\n<p>Garc\u00eda Jarqu\u00edn aprovech\u00f3 para culpar, por en\u00e9sima ocasi\u00f3n, a los periodistas:<\/p>\n\n\n\n<p>\u201cSeguramente algunos se seguir\u00e1 riendo, poni\u00e9ndose contentos; algunos otros tendr\u00e1n cierta preocupaci\u00f3n\u2026 algunos otros, quiz\u00e1 los menos, se indignen ante esta situaci\u00f3n que se dio hace unas horas.<\/p>\n\n\n\n<p>\u201cEl que seg\u00fan se me menciona, cierto bloque del Sindicato \u20183 de Marzo\u2019 cometieron la falta administrativa de ir a arrojar basura en lo que ellos consideran la casa habitaci\u00f3n donde vive mi esposa y dos hijos menores de edad.<\/p>\n\n\n\n<figure class=\"wp-block-embed-twitter wp-block-embed is-type-rich is-provider-twitter\"><div class=\"wp-block-embed__wrapper\">\n<div class=\"twitter-tweet\"><blockquote class=\"twitter-tweet\" data-lang=\"es\"><p lang=\"es\" dir=\"ltr\"><a href=\"https:\/\/twitter.com\/hashtag\/%C3%9AltimoMinuto?src=hash&amp;ref_src=twsrc%5Etfw\">#\u00daltimoMinuto<\/a> <br>-Sigue sitiada la ciudad de <a href=\"https:\/\/twitter.com\/hashtag\/Oaxaca?src=hash&amp;ref_src=twsrc%5Etfw\">#Oaxaca<\/a>. <br>-\u00bfQui\u00e9n es el m\u00e1s afectado? El pueblo bueno y sabio\u2026 y aguantador. <br>-\u00bfY el edil <a href=\"https:\/\/twitter.com\/oswaldogarciaj?ref_src=twsrc%5Etfw\">@oswaldogarciaj<\/a>?<br>-Aseguran que huy\u00f3 a Puebla. <a href=\"https:\/\/t.co\/XAwjhMKP8G\">pic.twitter.com\/XAwjhMKP8G<\/a><\/p>&mdash; Zona Roja Oaxaca (@Zona_Roja_Oax) <a href=\"https:\/\/twitter.com\/Zona_Roja_Oax\/status\/1445499242437480448?ref_src=twsrc%5Etfw\">5 de octubre de 2021<\/a><\/blockquote><\/div>\n<\/div><\/figure>\n\n\n\n<p>\u201cVi, porque tampoco soy omiso y mucho menos indiferente, muchos comentarios de las redes sociales\u2026 otros desafortunados de alegrarse de lo que estaba sucediendo, pero muchos de ellos periodistas, no lo quiero dimensionar de esa forma pero yo no quiero pensar que el gremio period\u00edstico se pueda alegrar porque alguno de sus compa\u00f1eros reciba alg\u00fan tipo de mensaje intimidatorio, por alg\u00fan grupo delincuencial o alg\u00fan grupo pol\u00edtico por el hecho de hacer su trabajo; es similar, es pr\u00e1cticamente lo mismo\u201d, dijo.<\/p>\n\n\n\n<p>Y es que alrededor de las 14:00 horas, un grupo de trabajadores \u2013que seg\u00fan el edil \u201cse portaron como verdaderos delincuentes\u201d&#8211; fueron a arrojar basura a su domicilio en la privada de Revoluci\u00f3n Mexicana, agencia Ejido Guadalupe Victoria.<\/p>\n\n\n\n<figure class=\"wp-block-embed-twitter wp-block-embed is-type-rich is-provider-twitter\"><div class=\"wp-block-embed__wrapper\">\n<div class=\"twitter-tweet\"><blockquote class=\"twitter-tweet\" data-lang=\"es\"><p lang=\"es\" dir=\"ltr\"><a href=\"https:\/\/twitter.com\/hashtag\/%C3%9AltimoMinuto?src=hash&amp;ref_src=twsrc%5Etfw\">#\u00daltimoMinuto<\/a> <br>2. Se trata de una zona residencial en la privada de Revoluci\u00f3n Mexicana, Ejido Guadalupe Victoria, en Oaxaca capital, donde tiraron la basura al domicilio del edil <a href=\"https:\/\/twitter.com\/oswaldogarciaj?ref_src=twsrc%5Etfw\">@oswaldogarciaj<\/a>.<br>Siga aqu\u00ed la transmisi\u00f3n:<br>\ud83d\udc47<a href=\"https:\/\/t.co\/qEqa7dwxtO\">https:\/\/t.co\/qEqa7dwxtO<\/a> <a href=\"https:\/\/t.co\/unarPHiERo\">pic.twitter.com\/unarPHiERo<\/a><\/p>&mdash; Zona Roja Oaxaca (@Zona_Roja_Oax) <a href=\"https:\/\/twitter.com\/Zona_Roja_Oax\/status\/1445468638786379785?ref_src=twsrc%5Etfw\">5 de octubre de 2021<\/a><\/blockquote><\/div>\n<\/div><\/figure>\n\n\n\n<p>Ello en el contexto de las m\u00faltiples protestas que hay desde hacer por parte del sindicato para exigir soluci\u00f3n a diversas demandas.<\/p>\n\n\n\n<p>Esta noche alrededor de las 20:00 horas retiraron los bloqueos a la periferia de la ciudad, pero continuar\u00e1n ma\u00f1ana con la misma jornada de acciones.<\/p>\n\n\n\n<figure class=\"wp-block-embed-twitter wp-block-embed is-type-rich is-provider-twitter\"><div class=\"wp-block-embed__wrapper\">\n<div class=\"twitter-tweet\"><blockquote class=\"twitter-tweet\" data-lang=\"es\"><p lang=\"es\" dir=\"ltr\">Dice <a href=\"https:\/\/twitter.com\/oswaldogarciaj?ref_src=twsrc%5Etfw\">@oswaldogarciaj<\/a> que muchos se alegraron que le tiraron basura y \u201cmuchos de ellos periodistas; no lo quiero dimensionar pero no quiero pensar que el gremio se pueda alegrar porque alguno de sus compa\u00f1eros reciba alg\u00fan mensaje intimidatorio por alg\u00fan grupo delincuencial\u201d. <a href=\"https:\/\/t.co\/8iwgsgPAaW\">pic.twitter.com\/8iwgsgPAaW<\/a><\/p>&mdash; Zona Roja Oaxaca (@Zona_Roja_Oax) <a href=\"https:\/\/twitter.com\/Zona_Roja_Oax\/status\/1445560695735537664?ref_src=twsrc%5Etfw\">6 de octubre de 2021<\/a><\/blockquote><\/div>\n<\/div><\/figure>\n","protected":false},"excerpt":{"rendered":"<p>Redacci\u00f3n\/Zona Roja. Oaxaca de Ju\u00e1rez, Oax., 5 de octubre de 2021.- S\u00f3lo despu\u00e9s de haber&hellip;<\/p>\n","protected":false},"author":2,"featured_media":32828,"comment_status":"closed","ping_status":"open","sticky":false,"template":"","format":"standard","meta":{"_lmt_disableupdate":"","_lmt_disable":"","_jetpack_memberships_contains_paid_content":false,"footnotes":""},"categories":[109,47],"tags":[115],"class_list":["post-32827","post","type-post","status-publish","format-standard","has-post-thumbnail","hentry","category-minuto-a-minuto","category-zona-gris","tag-oswaldo-garcia-jarquin"],"jetpack_featured_media_url":"https:\/\/zonaroja.com.mx\/wp-content\/uploads\/2021\/10\/Basura-casa-edil-Oaxaca-de-Juarez.jpg","jetpack_sharing_enabled":true,"_links":{"self":[{"href":"https:\/\/zonaroja.com.mx\/index.php?rest_route=\/wp\/v2\/posts\/32827","targetHints":{"allow":["GET"]}}],"collection":[{"href":"https:\/\/zonaroja.com.mx\/index.php?rest_route=\/wp\/v2\/posts"}],"about":[{"href":"https:\/\/zonaroja.com.mx\/index.php?rest_route=\/wp\/v2\/types\/post"}],"author":[{"embeddable":true,"href":"https:\/\/zonaroja.com.mx\/index.php?rest_route=\/wp\/v2\/users\/2"}],"replies":[{"embeddable":true,"href":"https:\/\/zonaroja.com.mx\/index.php?rest_route=%2Fwp%2Fv2%2Fcomments&post=32827"}],"version-history":[{"count":1,"href":"https:\/\/zonaroja.com.mx\/index.php?rest_route=\/wp\/v2\/posts\/32827\/revisions"}],"predecessor-version":[{"id":32829,"href":"https:\/\/zonaroja.com.mx\/index.php?rest_route=\/wp\/v2\/posts\/32827\/revisions\/32829"}],"wp:featuredmedia":[{"embeddable":true,"href":"https:\/\/zonaroja.com.mx\/index.php?rest_route=\/wp\/v2\/media\/32828"}],"wp:attachment":[{"href":"https:\/\/zonaroja.com.mx\/index.php?rest_route=%2Fwp%2Fv2%2Fmedia&parent=32827"}],"wp:term":[{"taxonomy":"category","embeddable":true,"href":"https:\/\/zonaroja.com.mx\/index.php?rest_route=%2Fwp%2Fv2%2Fcategories&post=32827"},{"taxonomy":"post_tag","embeddable":true,"href":"https:\/\/zonaroja.com.mx\/index.php?rest_route=%2Fwp%2Fv2%2Ftags&post=32827"}],"curies":[{"name":"wp","href":"https:\/\/api.w.org\/{rel}","templated":true}]}}