{"id":32841,"date":"2021-10-06T08:02:06","date_gmt":"2021-10-06T13:02:06","guid":{"rendered":"http:\/\/www.zonaroja.com.mx\/?p=32841"},"modified":"2021-10-06T08:02:09","modified_gmt":"2021-10-06T13:02:09","slug":"opinion-la-reforma-del-sexenio","status":"publish","type":"post","link":"https:\/\/zonaroja.com.mx\/?p=32841","title":{"rendered":"Opini\u00f3n. La reforma del sexenio"},"content":{"rendered":"\n<p>Gibr\u00e1n Ram\u00edrez Reyes*<\/p>\n\n\n\n<p>Dijo en estas p\u00e1ginas Enrique Serna que solo un peque\u00f1o sector considera m\u00e1s importante la reforma el\u00e9ctrica que la c\u00e1rcel para algunos cuadros pol\u00edticos de la oposici\u00f3n como Miguel \u00c1ngel Osorio Chong, Luis Videgaray y Enrique Pe\u00f1a Nieto.<\/p>\n\n\n\n<p>En su opini\u00f3n, el castigo a los corruptos \u201ces mucho m\u00e1s necesario para el pa\u00eds que la rector\u00eda energ\u00e9tica del Estado que solo entusiasma a Manuel Bartlett y a la minor\u00eda marxista leninista de Morena\u201d, pues, es de suponerse, a la gente le importa mucho m\u00e1s el espect\u00e1culo de la justicia que los precios competitivos para las tarifas empresariales subsidiados por usuarios dom\u00e9sticos.<\/p>\n\n\n\n<p>No evado, desde luego, las cualidades simb\u00f3licas superlativas que traer\u00eda la c\u00e1rcel para los corruptos, siendo la principal la ejemplaridad y el sentimiento de justicia y restituci\u00f3n que dar\u00eda al pueblo ver en la c\u00e1rcel a un saqueador \u2014o varios de ellos\u2014 de lo p\u00fablico.<\/p>\n\n\n\n<p>Ahora que se ha presentado la reforma, quiero discrepar y comprarle a Serna el juego propuesto entre materialismo e idealismo. Sostengo que la reforma el\u00e9ctrica es m\u00e1s importante que el castigo a un tr\u00edo corrupto porque frena y corrige los excesos de la desregulaci\u00f3n, en consonancia con el esp\u00edritu de los tiempos.<\/p>\n\n\n\n<p>Los apagones en California, Nueva York, Texas, Australia, Rep\u00fablica Dominicana o Sud\u00e1frica han sido algunas de las mayores evidencias del fracaso de la mal llamada liberalizaci\u00f3n del mercado el\u00e9ctrico.<\/p>\n\n\n\n<p>En nuestros d\u00edas, dichos problemas se han presentado con toda su crudeza en Espa\u00f1a y Reino Unido, donde viven un problema enorme por el mercado el\u00e9ctrico que intentaron articular.<\/p>\n\n\n\n<p>La discusi\u00f3n ya lleg\u00f3 a la Comisi\u00f3n Europea, y su centro es sobre la intervenci\u00f3n del gobierno para controlar los precios de la electricidad. Lo que en su momento se consider\u00f3 innovaci\u00f3n se ha revelado como un mal instrumento ideol\u00f3gico \u2014por fallido\u2014 de algunas trasnacionales. Quienes viven en el pasado son los promotores de la privatizaci\u00f3n.<\/p>\n\n\n\n<p>El fundamento de la rector\u00eda del Estado sobre la electricidad responde a la l\u00f3gica de los derechos humanos, particularmente al derecho a la dignidad humana. El consumo de energ\u00eda es potenciador de oportunidades econ\u00f3micas y de movilidad social. Garantizar el acceso a energ\u00eda el\u00e9ctrica implica, a su vez, garantizar muchos derechos humanos, por lo que no debe quedar nunca condicionado a la capacidad de pago de las personas.<\/p>\n\n\n\n<p>Los reg\u00edmenes actuales de deducci\u00f3n de impuestos y de subsidios permiten que un proyecto privado de energ\u00eda el\u00e9ctrica recupere su inversi\u00f3n en siete a\u00f1os o menos, por lo que en 25 a\u00f1os se habla de una Tasa Interna de Retorno superior a 70 por ciento.<\/p>\n\n\n\n<p>Controlar las tarifas para evitar ganancias excesivas no termina con el negocio, simplemente aumenta la cantidad de ingreso disponible de las personas para consumir en otros \u00e1mbitos m\u00e1s productivos, en vez de destinarlo a los rentistas energ\u00e9ticos.<\/p>\n\n\n\n<p>Todo esto, sin contar con el dinero que la reforma ahorra a los consumidores ordinarios en fraudes de presuntas sociedades de autoabasto, burocracia capturada o servil a los intereses trasnacionales y las m\u00faltiples limitaciones al abuso y al derroche que se establecen despu\u00e9s de un periodo negro para la energ\u00eda vista desde el enfoque de los derechos. No es necesario llegar a las penurias espa\u00f1olas para entenderlo.<\/p>\n\n\n\n<p>*Doctor en ciencia pol\u00edtica por la UNAM.<\/p>\n","protected":false},"excerpt":{"rendered":"<p>Gibr\u00e1n Ram\u00edrez Reyes* Dijo en estas p\u00e1ginas Enrique Serna que solo un peque\u00f1o sector considera&hellip;<\/p>\n","protected":false},"author":2,"featured_media":24099,"comment_status":"closed","ping_status":"open","sticky":false,"template":"","format":"standard","meta":{"_lmt_disableupdate":"","_lmt_disable":"","_jetpack_memberships_contains_paid_content":false,"footnotes":""},"categories":[456,109],"tags":[2489],"class_list":["post-32841","post","type-post","status-publish","format-standard","has-post-thumbnail","hentry","category-columna","category-minuto-a-minuto","tag-gibran-ramirez-reyes"],"jetpack_featured_media_url":"https:\/\/zonaroja.com.mx\/wp-content\/uploads\/2021\/02\/Gibran-Ramirez-Reyes.jpg","jetpack_sharing_enabled":true,"_links":{"self":[{"href":"https:\/\/zonaroja.com.mx\/index.php?rest_route=\/wp\/v2\/posts\/32841","targetHints":{"allow":["GET"]}}],"collection":[{"href":"https:\/\/zonaroja.com.mx\/index.php?rest_route=\/wp\/v2\/posts"}],"about":[{"href":"https:\/\/zonaroja.com.mx\/index.php?rest_route=\/wp\/v2\/types\/post"}],"author":[{"embeddable":true,"href":"https:\/\/zonaroja.com.mx\/index.php?rest_route=\/wp\/v2\/users\/2"}],"replies":[{"embeddable":true,"href":"https:\/\/zonaroja.com.mx\/index.php?rest_route=%2Fwp%2Fv2%2Fcomments&post=32841"}],"version-history":[{"count":1,"href":"https:\/\/zonaroja.com.mx\/index.php?rest_route=\/wp\/v2\/posts\/32841\/revisions"}],"predecessor-version":[{"id":32842,"href":"https:\/\/zonaroja.com.mx\/index.php?rest_route=\/wp\/v2\/posts\/32841\/revisions\/32842"}],"wp:featuredmedia":[{"embeddable":true,"href":"https:\/\/zonaroja.com.mx\/index.php?rest_route=\/wp\/v2\/media\/24099"}],"wp:attachment":[{"href":"https:\/\/zonaroja.com.mx\/index.php?rest_route=%2Fwp%2Fv2%2Fmedia&parent=32841"}],"wp:term":[{"taxonomy":"category","embeddable":true,"href":"https:\/\/zonaroja.com.mx\/index.php?rest_route=%2Fwp%2Fv2%2Fcategories&post=32841"},{"taxonomy":"post_tag","embeddable":true,"href":"https:\/\/zonaroja.com.mx\/index.php?rest_route=%2Fwp%2Fv2%2Ftags&post=32841"}],"curies":[{"name":"wp","href":"https:\/\/api.w.org\/{rel}","templated":true}]}}