{"id":32843,"date":"2021-10-06T08:14:53","date_gmt":"2021-10-06T13:14:53","guid":{"rendered":"http:\/\/www.zonaroja.com.mx\/?p=32843"},"modified":"2021-10-06T18:34:52","modified_gmt":"2021-10-06T23:34:52","slug":"fanny-mendez-un-sueno-que-rompio-con-el-silencio","status":"publish","type":"post","link":"https:\/\/zonaroja.com.mx\/?p=32843","title":{"rendered":"Fanny M\u00e9ndez: un sue\u00f1o que rompi\u00f3 con el silencio"},"content":{"rendered":"\n<p>Martha Izquierdo\/Bianni Luu Nezaa<\/p>\n\n\n\n<p>Estaci\u00f3n Mogo\u00f1e, San Juan Guichicovi, Oax., 6 octubre 2021.-El sonido de la m\u00e1quina de coser inunda todo el taller, pero Estefan\u00eda no lo escucha, ella solo se deja llevar por su coraz\u00f3n cuando est\u00e1 cociendo, se fija en cada detalle que le dar\u00e1 el toque a sus dise\u00f1os.<\/p>\n\n\n\n<p>Una enfermedad cong\u00e9nita le quit\u00f3 a Estefan\u00eda M\u00e9ndez la oportunidad de o\u00edr y de hablar, y pese a vivir en el silencio eso no le impidi\u00f3 que la vida le quitara el sue\u00f1o de ser una dise\u00f1adora.<\/p>\n\n\n\n<p>Su mam\u00e1 narra que desde muy ni\u00f1a ya ten\u00eda inclinaciones por el dise\u00f1o \u201cella dibujaba, hacia mu\u00f1ecas y les pon\u00eda vestidos, y sola se pon\u00eda a plasmar ideas de ropa\u201d.<\/p>\n\n\n\n<p>Dijo que cuando ella daba clases en un bachillerato de la comunidad llevaba a Fanny como le llaman de cari\u00f1o a su hija para que aprendiera m\u00e1s, ah\u00ed sus compa\u00f1eras le dijeron que Fanny ten\u00eda un talento especial para el dise\u00f1o y que mejor le buscaran donde aprender.<\/p>\n\n\n\n<p>Pese a sus limitantes de comunicaci\u00f3n, los padres de Fanny la llevaron a Oaxaca a una escuela de corte y confecci\u00f3n, pero no fue suficiente as\u00ed que m\u00e1s adelante tuvo la oportunidad de aprender alta costura en Xalapa, Veracruz.<\/p>\n\n\n\n<p>Su amor por el dise\u00f1o y sus ganas de ser una gran dise\u00f1adora hicieron que Fanny aprendiera r\u00e1pido y con el paso del tiempo empez\u00f3 a poner en pr\u00e1ctica lo aprendido junto con su talento creativo.<\/p>\n\n\n\n<p>Hoy Fanny es una dise\u00f1adora de ropa, de vestidos estilizados usando tejidos y bordados mixes y zapotecas de la zona del Istmo de Tehuantepec.<\/p>\n\n\n\n<figure class=\"wp-block-embed\"><div class=\"wp-block-embed__wrapper\">\nhttps:\/\/www.facebook.com\/plugins\/post.php?href=https%3A%2F%2Fwww.facebook.com%2FBLNradio%2Fposts%2F2060222550792954&#038;show_text=true&#038;width=500\n<\/div><\/figure>\n\n\n\n<p>Vivir en la comunidad de Mogo\u00f1e perteneciente al municipio de San Juan Guichicovi, a pesar de ser muy peque\u00f1a, no ha evitado que su trabajo trascienda.<\/p>\n\n\n\n<p>Si bien es cierto que ser \u201cdise\u00f1adora sordomuda\u201d como se presenta ella en sus redes sociales le limita tener una interacci\u00f3n r\u00e1pida con quienes buscan adquirir sus dise\u00f1os, tambi\u00e9n es cierto que muchos acuden hasta su comunidad para admirarlos y comprarlos.<\/p>\n\n\n\n<p>Fanny irradia una gran alegr\u00eda a trav\u00e9s de su sonrisa, si no est\u00e1 en las mesas de trabajo viendo los colores de las diversas telas, bordados y trazos, est\u00e1 atr\u00e1s de la m\u00e1quina de coser o atendiendo su boutique.<\/p>\n\n\n\n<p>Elaborar vestidos de novia es su pasi\u00f3n, y lo demuestra en cada detalle en los vestidos que realiza.<\/p>\n\n\n\n<p>Para muchos el silencio podr\u00eda ser un limitante para alcanzar sus sue\u00f1os, pero Estefan\u00eda sigui\u00f3 los latidos de su coraz\u00f3n y su pasi\u00f3n por lograr ser una dise\u00f1adora.<\/p>\n","protected":false},"excerpt":{"rendered":"<p>Martha Izquierdo\/Bianni Luu Nezaa Estaci\u00f3n Mogo\u00f1e, San Juan Guichicovi, Oax., 6 octubre 2021.-El sonido de&hellip;<\/p>\n","protected":false},"author":2,"featured_media":32844,"comment_status":"closed","ping_status":"open","sticky":false,"template":"","format":"standard","meta":{"_lmt_disableupdate":"","_lmt_disable":"","_jetpack_memberships_contains_paid_content":false,"footnotes":""},"categories":[109,46],"tags":[2911],"class_list":["post-32843","post","type-post","status-publish","format-standard","has-post-thumbnail","hentry","category-minuto-a-minuto","category-zona-blanca","tag-fanny-mendez-mogone"],"jetpack_featured_media_url":"https:\/\/zonaroja.com.mx\/wp-content\/uploads\/2021\/10\/Fanny-disenadora-Guichicovi.jpg","jetpack_sharing_enabled":true,"_links":{"self":[{"href":"https:\/\/zonaroja.com.mx\/index.php?rest_route=\/wp\/v2\/posts\/32843","targetHints":{"allow":["GET"]}}],"collection":[{"href":"https:\/\/zonaroja.com.mx\/index.php?rest_route=\/wp\/v2\/posts"}],"about":[{"href":"https:\/\/zonaroja.com.mx\/index.php?rest_route=\/wp\/v2\/types\/post"}],"author":[{"embeddable":true,"href":"https:\/\/zonaroja.com.mx\/index.php?rest_route=\/wp\/v2\/users\/2"}],"replies":[{"embeddable":true,"href":"https:\/\/zonaroja.com.mx\/index.php?rest_route=%2Fwp%2Fv2%2Fcomments&post=32843"}],"version-history":[{"count":2,"href":"https:\/\/zonaroja.com.mx\/index.php?rest_route=\/wp\/v2\/posts\/32843\/revisions"}],"predecessor-version":[{"id":32856,"href":"https:\/\/zonaroja.com.mx\/index.php?rest_route=\/wp\/v2\/posts\/32843\/revisions\/32856"}],"wp:featuredmedia":[{"embeddable":true,"href":"https:\/\/zonaroja.com.mx\/index.php?rest_route=\/wp\/v2\/media\/32844"}],"wp:attachment":[{"href":"https:\/\/zonaroja.com.mx\/index.php?rest_route=%2Fwp%2Fv2%2Fmedia&parent=32843"}],"wp:term":[{"taxonomy":"category","embeddable":true,"href":"https:\/\/zonaroja.com.mx\/index.php?rest_route=%2Fwp%2Fv2%2Fcategories&post=32843"},{"taxonomy":"post_tag","embeddable":true,"href":"https:\/\/zonaroja.com.mx\/index.php?rest_route=%2Fwp%2Fv2%2Ftags&post=32843"}],"curies":[{"name":"wp","href":"https:\/\/api.w.org\/{rel}","templated":true}]}}