{"id":32846,"date":"2021-10-06T08:26:19","date_gmt":"2021-10-06T13:26:19","guid":{"rendered":"http:\/\/www.zonaroja.com.mx\/?p=32846"},"modified":"2021-10-06T08:26:22","modified_gmt":"2021-10-06T13:26:22","slug":"reconoce-segob-impunidad-en-asesinato-de-141-activistas-y-periodistas-en-sexenio-de-amlo","status":"publish","type":"post","link":"https:\/\/zonaroja.com.mx\/?p=32846","title":{"rendered":"Reconoce Segob impunidad en asesinato de 141 activistas y periodistas en sexenio de AMLO"},"content":{"rendered":"\n<p>Redacci\u00f3n\/Zona Roja Cdmx.<\/p>\n\n\n\n<p>Ciudad de M\u00e9xico, 6 de octubre de 2021.- La Secretar\u00eda de Gobernaci\u00f3n reconoci\u00f3 en los tres a\u00f1os del mandato del Presidente Andr\u00e9s Manuel L\u00f3pez Obrador se han registrado 141 asesinatos de activistas de derechos humanos y periodistas; la mayor\u00eda de los casos permanece en la impunidad.<\/p>\n\n\n\n<p>Ayer, Enrique Irazoque, titular de la Unidad para la Defensa de los Derechos Humanos de la dependencia, en presencia del subsecretario de Derechos Humanos, Alejandro Encinas, indic\u00f3 que seis de las v\u00edctimas se hallaba en el mecanismo de protecci\u00f3n federal.<\/p>\n\n\n\n<p>En el caso de Gustavo S\u00e1nchez Cabrera, periodista de Oaxaca, sostuvo que a trav\u00e9s de la Segob se gener\u00f3 una solicitud para que la Comisi\u00f3n Nacional de los Derechos Humanos iniciara una investigaci\u00f3n por las posibles omisiones de cualquier autoridad, tanto del \u00e1mbito federal como local, que eran quienes estaban implementando las medidas.<\/p>\n\n\n\n<p>En el caso de los activistas ultimados, que suman 94, s\u00f3lo se han dictado sentencia en dos casos, por lo que la impunidad alcanza el 99 por ciento, mientras que en los homicidios contra periodistas se ha emitido cinco sentencias, por lo que la impunidad es de 89 por ciento.<\/p>\n\n\n\n<p>El funcionario de Gobernaci\u00f3n explic\u00f3 que el mayor n\u00famero de asesinatos se han cometido en Guerrero, Oaxaca, Chihuahua, Chiapas, Veracruz y Michoac\u00e1n; en tanto, que el segundo, la mayor incidencia se concentra en Sonora, Guerrero, Veracruz, Michoac\u00e1n, Estado de M\u00e9xico y Oaxaca.<\/p>\n\n\n\n<p>Por su parte, Alejandro Encinas dijo que se realizar\u00e1n las acciones necesarias para mejorar el mecanismo de protecci\u00f3n y que, entre \u00e9stas, est\u00e1 mejorar la coordinaci\u00f3n con las autoridades locales, que son las que en primera instancia deben garantizar la seguridad.<\/p>\n\n\n\n<p>A\u00f1adi\u00f3 que se firmar\u00e1n convenios de colaboraci\u00f3n con las 32 entidades del pa\u00eds para generar pol\u00edticas p\u00fablicas de prevenci\u00f3n contra las agresiones a personas defensoras de los derechos humanos y periodistas.<\/p>\n","protected":false},"excerpt":{"rendered":"<p>Redacci\u00f3n\/Zona Roja Cdmx. Ciudad de M\u00e9xico, 6 de octubre de 2021.- La Secretar\u00eda de Gobernaci\u00f3n&hellip;<\/p>\n","protected":false},"author":2,"featured_media":6707,"comment_status":"closed","ping_status":"open","sticky":false,"template":"","format":"standard","meta":{"_lmt_disableupdate":"","_lmt_disable":"","_jetpack_memberships_contains_paid_content":false,"footnotes":""},"categories":[109,47],"tags":[1396],"class_list":["post-32846","post","type-post","status-publish","format-standard","has-post-thumbnail","hentry","category-minuto-a-minuto","category-zona-gris","tag-agresion-a-periodistas-oaxaca"],"jetpack_featured_media_url":"https:\/\/zonaroja.com.mx\/wp-content\/uploads\/2019\/12\/Violencia-periodistas.jpg","jetpack_sharing_enabled":true,"_links":{"self":[{"href":"https:\/\/zonaroja.com.mx\/index.php?rest_route=\/wp\/v2\/posts\/32846","targetHints":{"allow":["GET"]}}],"collection":[{"href":"https:\/\/zonaroja.com.mx\/index.php?rest_route=\/wp\/v2\/posts"}],"about":[{"href":"https:\/\/zonaroja.com.mx\/index.php?rest_route=\/wp\/v2\/types\/post"}],"author":[{"embeddable":true,"href":"https:\/\/zonaroja.com.mx\/index.php?rest_route=\/wp\/v2\/users\/2"}],"replies":[{"embeddable":true,"href":"https:\/\/zonaroja.com.mx\/index.php?rest_route=%2Fwp%2Fv2%2Fcomments&post=32846"}],"version-history":[{"count":1,"href":"https:\/\/zonaroja.com.mx\/index.php?rest_route=\/wp\/v2\/posts\/32846\/revisions"}],"predecessor-version":[{"id":32847,"href":"https:\/\/zonaroja.com.mx\/index.php?rest_route=\/wp\/v2\/posts\/32846\/revisions\/32847"}],"wp:featuredmedia":[{"embeddable":true,"href":"https:\/\/zonaroja.com.mx\/index.php?rest_route=\/wp\/v2\/media\/6707"}],"wp:attachment":[{"href":"https:\/\/zonaroja.com.mx\/index.php?rest_route=%2Fwp%2Fv2%2Fmedia&parent=32846"}],"wp:term":[{"taxonomy":"category","embeddable":true,"href":"https:\/\/zonaroja.com.mx\/index.php?rest_route=%2Fwp%2Fv2%2Fcategories&post=32846"},{"taxonomy":"post_tag","embeddable":true,"href":"https:\/\/zonaroja.com.mx\/index.php?rest_route=%2Fwp%2Fv2%2Ftags&post=32846"}],"curies":[{"name":"wp","href":"https:\/\/api.w.org\/{rel}","templated":true}]}}