{"id":3286,"date":"2019-08-22T07:38:17","date_gmt":"2019-08-22T12:38:17","guid":{"rendered":"http:\/\/www.zonaroja.com.mx\/?p=3286"},"modified":"2019-08-22T07:38:20","modified_gmt":"2019-08-22T12:38:20","slug":"pese-a-guardia-nacional-siguen-ejecuciones-y-ataques-armados-en-tuxtepec","status":"publish","type":"post","link":"https:\/\/zonaroja.com.mx\/?p=3286","title":{"rendered":"Pese a Guardia Nacional, siguen ejecuciones y ataques armados en Tuxtepec"},"content":{"rendered":"\n<p>Redacci\u00f3n<\/p>\n\n\n\n<p>Oaxaca de\nJu\u00e1rez, Oax., 22 de agosto de 2019.- Pocas horas despu\u00e9s de un operativo y\ncateo a un domicilio de San Juan Bautista Tuxtepec, coordinado por la Guardia\nNacional, se registraron dos ataques armados, con saldo de una persona\nfallecida.<\/p>\n\n\n\n<p>El primer\nhecho ocurri\u00f3 casi a la media noche de ayer mi\u00e9rcoles, en la calle Morelos de\nla colonia Del Carmen, donde fue baleado un individuo, hasta ahora identificado\n\u00fanicamente como \u201cEl Hondure\u00f1o\u201d, que falleci\u00f3 cuando era trasladado a un\nhospital.<\/p>\n\n\n\n<p>En la misma\nzona fue hallada una persona del sexo masculino, con heridas producidas por\narma de fuego.<\/p>\n\n\n\n<p>Por otra\nparte, en los primeros minutos de este jueves ocurri\u00f3 el segundo ataque armado,\nsobre la avenida 20 de Noviembre esquina con Riva Palacio, donde tambi\u00e9n\nresult\u00f3 lesionado un sujeto.<\/p>\n\n\n\n<p>Los\nlesionados fueron reportados como delicados de salud y permanecen bajo vigilancia\npoliciaca en un hospital.<\/p>\n\n\n\n<p>EL OPERATIVO<\/p>\n\n\n\n<p>Previamente,\ndurante la ma\u00f1ana de ayer, la Guardia Nacional, en coordinaci\u00f3n con\ncorporaciones federales, estatales y municipales, efectuaron un operativo en la\ncolonia Mar\u00eda Eugenia y en la 5 de Mayo, donde la v\u00edspera hab\u00edan asesinado a\ndos personas.<\/p>\n\n\n\n<p>En este\n\u00faltimo asentamiento fueron aprehendidos cuatro sujetos identificados como R. M.\nJ., R. M. C., J. M. J. y E. A. J., quienes fueron puestos a disposici\u00f3n del\nMinisterio P\u00fablico de la Vicefiscal\u00eda Regional de la Cuenca.<\/p>\n\n\n\n<p>De acuerdo\ncon esta instancia, son acusados de homicidios en dos hechos distintos\nocurridos durante el mes de junio de este a\u00f1o.<\/p>\n","protected":false},"excerpt":{"rendered":"<p>Redacci\u00f3n Oaxaca de Ju\u00e1rez, Oax., 22 de agosto de 2019.- Pocas horas despu\u00e9s de un&hellip;<\/p>\n","protected":false},"author":2,"featured_media":3287,"comment_status":"closed","ping_status":"open","sticky":false,"template":"","format":"standard","meta":{"_lmt_disableupdate":"","_lmt_disable":"","_jetpack_memberships_contains_paid_content":false,"footnotes":""},"categories":[109,51],"tags":[118],"class_list":["post-3286","post","type-post","status-publish","format-standard","has-post-thumbnail","hentry","category-minuto-a-minuto","category-zona-roja","tag-san-juan-bautista-tuxtepec"],"jetpack_featured_media_url":"https:\/\/zonaroja.com.mx\/wp-content\/uploads\/2019\/08\/Operativo-Tuxtepec.jpg","jetpack_sharing_enabled":true,"_links":{"self":[{"href":"https:\/\/zonaroja.com.mx\/index.php?rest_route=\/wp\/v2\/posts\/3286","targetHints":{"allow":["GET"]}}],"collection":[{"href":"https:\/\/zonaroja.com.mx\/index.php?rest_route=\/wp\/v2\/posts"}],"about":[{"href":"https:\/\/zonaroja.com.mx\/index.php?rest_route=\/wp\/v2\/types\/post"}],"author":[{"embeddable":true,"href":"https:\/\/zonaroja.com.mx\/index.php?rest_route=\/wp\/v2\/users\/2"}],"replies":[{"embeddable":true,"href":"https:\/\/zonaroja.com.mx\/index.php?rest_route=%2Fwp%2Fv2%2Fcomments&post=3286"}],"version-history":[{"count":1,"href":"https:\/\/zonaroja.com.mx\/index.php?rest_route=\/wp\/v2\/posts\/3286\/revisions"}],"predecessor-version":[{"id":3288,"href":"https:\/\/zonaroja.com.mx\/index.php?rest_route=\/wp\/v2\/posts\/3286\/revisions\/3288"}],"wp:featuredmedia":[{"embeddable":true,"href":"https:\/\/zonaroja.com.mx\/index.php?rest_route=\/wp\/v2\/media\/3287"}],"wp:attachment":[{"href":"https:\/\/zonaroja.com.mx\/index.php?rest_route=%2Fwp%2Fv2%2Fmedia&parent=3286"}],"wp:term":[{"taxonomy":"category","embeddable":true,"href":"https:\/\/zonaroja.com.mx\/index.php?rest_route=%2Fwp%2Fv2%2Fcategories&post=3286"},{"taxonomy":"post_tag","embeddable":true,"href":"https:\/\/zonaroja.com.mx\/index.php?rest_route=%2Fwp%2Fv2%2Ftags&post=3286"}],"curies":[{"name":"wp","href":"https:\/\/api.w.org\/{rel}","templated":true}]}}