{"id":32863,"date":"2021-10-06T21:35:26","date_gmt":"2021-10-07T02:35:26","guid":{"rendered":"http:\/\/www.zonaroja.com.mx\/?p=32863"},"modified":"2021-10-06T21:35:30","modified_gmt":"2021-10-07T02:35:30","slug":"sube-en-septiembre-nivel-de-aprobacion-de-amlo","status":"publish","type":"post","link":"https:\/\/zonaroja.com.mx\/?p=32863","title":{"rendered":"Sube en septiembre nivel de aprobaci\u00f3n de AMLO"},"content":{"rendered":"\n<p>Redacci\u00f3n\/Zona roja Cdmx.<\/p>\n\n\n\n<p>Ciudad de M\u00e9xico, 6 de octubre de 2021.- El nivel de aprobaci\u00f3n ciudadana al presidente Andr\u00e9s Manuel L\u00f3pez Obrador tuvo un impulso positivo en el mes patrio, al registrar 61 por ciento en septiembre, cinco puntos m\u00e1s que el mes anterior, seg\u00fan revela la m\u00e1s reciente encuesta nacional de EL FINANCIERO, realizada a 900 adultos v\u00eda telef\u00f3nica.<\/p>\n\n\n\n<p>Por otra parte, la desaprobaci\u00f3n al Presidente baj\u00f3 de 42 por ciento a 35 por ciento.<\/p>\n\n\n\n<p>De acuerdo con el sondeo, en septiembre la aprobaci\u00f3n al Presidente registr\u00f3 64 por ciento entre mujeres y 58 por ciento entre hombres.<\/p>\n\n\n\n<p>Por nivel de escolaridad, los entrevistados con educaci\u00f3n b\u00e1sica aprueban al Presidente en 67 por ciento, mientras que los de educaci\u00f3n media, en 61 por ciento, y los de educaci\u00f3n universitaria, en 49 por ciento.<\/p>\n\n\n\n<p>Al preguntar c\u00f3mo votar\u00edan en una consulta de revocaci\u00f3n de mandato, el 60 por ciento de los consultados prefiere que el mandatario contin\u00fae en el cargo, frente a 36 por ciento que se inclina por que no contin\u00fae.<\/p>\n\n\n\n<p>La encuesta tambi\u00e9n plante\u00f3 la pregunta con el fraseo aprobado por el Senado para la consulta de revocaci\u00f3n, y con ese fraseo el apoyo a que L\u00f3pez Obrador siga en su cargo fue ligeramente m\u00e1s alto, de 66 por ciento, mientras que los entrevistados que prefieren que se le revoque el mandato por p\u00e9rdida de confianza registr\u00f3 31 por ciento.<\/p>\n\n\n\n<p>Seg\u00fan el sondeo, el 59 por ciento de la ciudadan\u00eda tiene mucho o algo de inter\u00e9s en la consulta de revocaci\u00f3n, programada para marzo de 2022.<\/p>\n\n\n\n<p>La encuesta tambi\u00e9n plante\u00f3 preguntas sobre los migrantes, y los resultados muestran una opini\u00f3n p\u00fablica nacional dividida: el 46 por ciento est\u00e1 de acuerdo con que la Guardia Nacional impida el paso de migrantes al pa\u00eds (se hizo referencia a centroamericanos, no espec\u00edficamente a los haitianos), mientras que el 48 por ciento dijo estar en desacuerdo con ello.<\/p>\n\n\n\n<p>A pesar de esta divisi\u00f3n de opiniones, una ligera mayor\u00eda percibe que la Guardia Nacional s\u00ed est\u00e1 respetando los derechos humanos de los migrantes, mientras que el 37 por ciento cree que la corporaci\u00f3n est\u00e1 incurriendo en violaciones a derechos humanos.<\/p>\n\n\n\n<p>En septiembre, la Suprema Corte decidi\u00f3 declarar inconstitucional la penalizaci\u00f3n del aborto. Seg\u00fan el estudio, el 59 por ciento de los entrevistados se enter\u00f3 de ello a los pocos d\u00edas de la decisi\u00f3n, siendo las mujeres quienes estuvieron m\u00e1s atentas a la noticia, con 69 por ciento que dijo haberse enterado, frente al 48 por ciento de los hombres.<\/p>\n\n\n\n<p>Al preguntar si est\u00e1n de acuerdo o en desacuerdo con la decisi\u00f3n de la Corte, el 43 por ciento de todos los entrevistados dijo estar de acuerdo, frente a un 48 por ciento en desacuerdo. En esta postura, los hombres se manifestaron ligeramente m\u00e1s de acuerdo (45 por ciento) que las mujeres (42 por ciento). De hecho, la mayor\u00eda de las mujeres dijo estar en desacuerdo con la decisi\u00f3n de la SCJN.<\/p>\n\n\n\n<p>Otra pregunta sobre el tema confirma la divisi\u00f3n de puntos de vista entre la opini\u00f3n p\u00fablica nacional: el 37 por ciento opin\u00f3 que la decisi\u00f3n de la Corte respecto al aborto es buena decisi\u00f3n, porque se ampl\u00edan los derechos de las mujeres, mientras que 37 por ciento piensa que es mala decisi\u00f3n porque se atenta contra la vida. El 26 por ciento restante no tom\u00f3 una postura clara al respecto.<\/p>\n\n\n\n<p>Metodolog\u00eda: Encuesta nacional realizada por v\u00eda telef\u00f3nica a 900 mexicanos adultos del 10-11 y 24-28 de septiembre de 2021. Se hizo un muestreo probabil\u00edstico de tel\u00e9fonos residenciales y celulares en las 32 entidades federativas. Con un nivel de confianza de 95%, el margen de error de las estimaciones es de +\/-3.3 por ciento. *Pregunta realizada el 10-11 de septiembre (n=500).<\/p>\n\n\n\n<p>(Informaci\u00f3n de \u201cEl Financiero\u201d)<\/p>\n\n\n\n<figure class=\"wp-block-embed\"><div class=\"wp-block-embed__wrapper\">\nhttps:\/\/www.elfinanciero.com.mx\/nacional\/2021\/10\/04\/mes-patrio-le-da-empujoncito-a-amlo-sube-a-61-de-aprobacion\/\n<\/div><\/figure>\n","protected":false},"excerpt":{"rendered":"<p>Redacci\u00f3n\/Zona roja Cdmx. Ciudad de M\u00e9xico, 6 de octubre de 2021.- El nivel de aprobaci\u00f3n&hellip;<\/p>\n","protected":false},"author":2,"featured_media":32864,"comment_status":"closed","ping_status":"open","sticky":false,"template":"","format":"standard","meta":{"_lmt_disableupdate":"","_lmt_disable":"","_jetpack_memberships_contains_paid_content":false,"footnotes":""},"categories":[109,46],"tags":[143],"class_list":["post-32863","post","type-post","status-publish","format-standard","has-post-thumbnail","hentry","category-minuto-a-minuto","category-zona-blanca","tag-andres-manuel-lopez-obrador"],"jetpack_featured_media_url":"https:\/\/zonaroja.com.mx\/wp-content\/uploads\/2021\/10\/Encuesta-Presidente.jpg","jetpack_sharing_enabled":true,"_links":{"self":[{"href":"https:\/\/zonaroja.com.mx\/index.php?rest_route=\/wp\/v2\/posts\/32863","targetHints":{"allow":["GET"]}}],"collection":[{"href":"https:\/\/zonaroja.com.mx\/index.php?rest_route=\/wp\/v2\/posts"}],"about":[{"href":"https:\/\/zonaroja.com.mx\/index.php?rest_route=\/wp\/v2\/types\/post"}],"author":[{"embeddable":true,"href":"https:\/\/zonaroja.com.mx\/index.php?rest_route=\/wp\/v2\/users\/2"}],"replies":[{"embeddable":true,"href":"https:\/\/zonaroja.com.mx\/index.php?rest_route=%2Fwp%2Fv2%2Fcomments&post=32863"}],"version-history":[{"count":1,"href":"https:\/\/zonaroja.com.mx\/index.php?rest_route=\/wp\/v2\/posts\/32863\/revisions"}],"predecessor-version":[{"id":32865,"href":"https:\/\/zonaroja.com.mx\/index.php?rest_route=\/wp\/v2\/posts\/32863\/revisions\/32865"}],"wp:featuredmedia":[{"embeddable":true,"href":"https:\/\/zonaroja.com.mx\/index.php?rest_route=\/wp\/v2\/media\/32864"}],"wp:attachment":[{"href":"https:\/\/zonaroja.com.mx\/index.php?rest_route=%2Fwp%2Fv2%2Fmedia&parent=32863"}],"wp:term":[{"taxonomy":"category","embeddable":true,"href":"https:\/\/zonaroja.com.mx\/index.php?rest_route=%2Fwp%2Fv2%2Fcategories&post=32863"},{"taxonomy":"post_tag","embeddable":true,"href":"https:\/\/zonaroja.com.mx\/index.php?rest_route=%2Fwp%2Fv2%2Ftags&post=32863"}],"curies":[{"name":"wp","href":"https:\/\/api.w.org\/{rel}","templated":true}]}}