{"id":32869,"date":"2021-10-07T07:51:37","date_gmt":"2021-10-07T12:51:37","guid":{"rendered":"http:\/\/www.zonaroja.com.mx\/?p=32869"},"modified":"2021-10-07T07:51:41","modified_gmt":"2021-10-07T12:51:41","slug":"sufre-funcionario-de-salud-atentado-en-la-capital-de-oaxaca","status":"publish","type":"post","link":"https:\/\/zonaroja.com.mx\/?p=32869","title":{"rendered":"Sufre funcionario de Salud atentado en la capital de Oaxaca"},"content":{"rendered":"\n<p>Redacci\u00f3n\/Zona Roja.<\/p>\n\n\n\n<p>Oaxaca de Ju\u00e1rez, Oax., 7 de octubre de 2021.- Un funcionario del Hospital de la Ni\u00f1ez Oaxaque\u00f1a \u201cDr. Guillermo Z\u00e1rate Mijangos\u201d, dependiente de los Servicios de Salud de Oaxaca, sufri\u00f3 un atentado la madrugada de este jueves, en la ciudad de Oaxaca.<\/p>\n\n\n\n<p>Se trata de Jos\u00e9 Antonio Ter\u00e1n Vel\u00e1squez, de profesi\u00f3n enfermero y quien se desepe\u00f1a como jefe del Departamento de Enfermer\u00eda del Hospital de la Ni\u00f1ez.<\/p>\n\n\n\n<figure class=\"wp-block-embed-twitter wp-block-embed is-type-rich is-provider-twitter\"><div class=\"wp-block-embed__wrapper\">\n<div class=\"twitter-tweet\"><blockquote class=\"twitter-tweet\" data-lang=\"es\"><p lang=\"es\" dir=\"ltr\"><a href=\"https:\/\/twitter.com\/hashtag\/%C3%9AltimoMinuto?src=hash&amp;ref_src=twsrc%5Etfw\">#\u00daltimoMinuto<\/a> <br>La madrugada de este jueves, Jos\u00e9 Antonio Ter\u00e1n, enfermero y funcionario del Hospital de la Ni\u00f1ez fue atacado a balazos en la colonia Volcanes de la ciudad de <a href=\"https:\/\/twitter.com\/hashtag\/Oaxaca?src=hash&amp;ref_src=twsrc%5Etfw\">#Oaxaca<\/a>. <br>Fue trasladado al Hospital Civil, donde recibe atenci\u00f3n m\u00e9dica; lo reportan grave de salud. <a href=\"https:\/\/t.co\/QN00xluU8X\">pic.twitter.com\/QN00xluU8X<\/a><\/p>&mdash; Zona Roja Oaxaca (@Zona_Roja_Oax) <a href=\"https:\/\/twitter.com\/Zona_Roja_Oax\/status\/1446090121699266564?ref_src=twsrc%5Etfw\">7 de octubre de 2021<\/a><\/blockquote><\/div>\n<\/div><\/figure>\n\n\n\n<p>Fue agredido a balazos cuando se hallaba en el interior de su veh\u00edculo, marca Honda, tipo Civic, con placas de circulaci\u00f3n YFJ-327A de Veracruz, en la calle Mesa de An\u00e1huac esquina con Zempoalt\u00e9petl de la colonia Volcanes.<\/p>\n\n\n\n<p>Presuntamente sujetos a bordo de una unidad de motor marca Jeep color rojo sin placas, le dispararon a la cabeza. Param\u00e9dicos del Heroico Cuerpo de Bomberos arribaron al lugar para atenderlo y trasladarlo al Hospital Civil \u201cDr. Aurelio Valdivieso\u201d, donde lo reportan grave de salud.<\/p>\n","protected":false},"excerpt":{"rendered":"<p>Redacci\u00f3n\/Zona Roja. Oaxaca de Ju\u00e1rez, Oax., 7 de octubre de 2021.- Un funcionario del Hospital&hellip;<\/p>\n","protected":false},"author":2,"featured_media":30407,"comment_status":"closed","ping_status":"open","sticky":false,"template":"","format":"standard","meta":{"_lmt_disableupdate":"","_lmt_disable":"","_jetpack_memberships_contains_paid_content":false,"footnotes":""},"categories":[109,51],"tags":[148],"class_list":["post-32869","post","type-post","status-publish","format-standard","has-post-thumbnail","hentry","category-minuto-a-minuto","category-zona-roja","tag-oaxaca-de-juarez"],"jetpack_featured_media_url":"https:\/\/zonaroja.com.mx\/wp-content\/uploads\/2021\/08\/Escena-del-crimen-homicidio-violencia.jpg","jetpack_sharing_enabled":true,"_links":{"self":[{"href":"https:\/\/zonaroja.com.mx\/index.php?rest_route=\/wp\/v2\/posts\/32869","targetHints":{"allow":["GET"]}}],"collection":[{"href":"https:\/\/zonaroja.com.mx\/index.php?rest_route=\/wp\/v2\/posts"}],"about":[{"href":"https:\/\/zonaroja.com.mx\/index.php?rest_route=\/wp\/v2\/types\/post"}],"author":[{"embeddable":true,"href":"https:\/\/zonaroja.com.mx\/index.php?rest_route=\/wp\/v2\/users\/2"}],"replies":[{"embeddable":true,"href":"https:\/\/zonaroja.com.mx\/index.php?rest_route=%2Fwp%2Fv2%2Fcomments&post=32869"}],"version-history":[{"count":1,"href":"https:\/\/zonaroja.com.mx\/index.php?rest_route=\/wp\/v2\/posts\/32869\/revisions"}],"predecessor-version":[{"id":32870,"href":"https:\/\/zonaroja.com.mx\/index.php?rest_route=\/wp\/v2\/posts\/32869\/revisions\/32870"}],"wp:featuredmedia":[{"embeddable":true,"href":"https:\/\/zonaroja.com.mx\/index.php?rest_route=\/wp\/v2\/media\/30407"}],"wp:attachment":[{"href":"https:\/\/zonaroja.com.mx\/index.php?rest_route=%2Fwp%2Fv2%2Fmedia&parent=32869"}],"wp:term":[{"taxonomy":"category","embeddable":true,"href":"https:\/\/zonaroja.com.mx\/index.php?rest_route=%2Fwp%2Fv2%2Fcategories&post=32869"},{"taxonomy":"post_tag","embeddable":true,"href":"https:\/\/zonaroja.com.mx\/index.php?rest_route=%2Fwp%2Fv2%2Ftags&post=32869"}],"curies":[{"name":"wp","href":"https:\/\/api.w.org\/{rel}","templated":true}]}}