{"id":32890,"date":"2021-10-07T17:03:05","date_gmt":"2021-10-07T22:03:05","guid":{"rendered":"http:\/\/www.zonaroja.com.mx\/?p=32890"},"modified":"2021-10-07T17:03:09","modified_gmt":"2021-10-07T22:03:09","slug":"exigen-a-salomon-jara-sacar-las-manos-de-san-melchor-betaza-sigue-bloqueo","status":"publish","type":"post","link":"https:\/\/zonaroja.com.mx\/?p=32890","title":{"rendered":"Exigen a Salom\u00f3n Jara sacar las manos de San Melchor Betaza; sigue bloqueo"},"content":{"rendered":"\n<p>Evlin Arag\u00f3n\/Zona Roja.<\/p>\n\n\n\n<p>Oaxaca de Ju\u00e1rez, Oax., 7 de octubre de 2021.- Pobladores de la agencia municipal de Santo Tom\u00e1s Lachit\u00e1, perteneciente al municipio de San Melchor Betaza, exigieron que el senador de la Rep\u00fablica, Salom\u00f3n Jara Cruz, saque las manos de las comunidades de la Sierra Ju\u00e1rez y Mixe y ponga fin al cacicazgo pol\u00edtico que ejerce en la zona desde hace d\u00e9cadas.&nbsp;<\/p>\n\n\n\n<p>Lo anterior a 33 d\u00edas de haber instalado una barricada en los accesos a la comunidad, que afecta la zona del sector Cajonos-Villa Alta, para exigir que se les otorgue la parte del dinero que por ley les corresponde y se termine as\u00ed con el mal manejo de los recursos p\u00fablicos municipales y la intromisi\u00f3n de legisladores que solo fomentan la corrupci\u00f3n en perjuicio de quienes menos tienen.&nbsp;<\/p>\n\n\n\n<p>\u201cNo es posible que un senador de la Rep\u00fablica, siendo paisano haga o\u00eddos sordos y adem\u00e1s se entrometa fortaleciendo la corrupci\u00f3n y el cacicazgo pol\u00edtico en la zona\u201d, indic\u00f3 Fernando Vargas, representante legal de la comunidad.&nbsp;<\/p>\n\n\n\n<p>En conferencia de prensa en la capital oaxaque\u00f1a, la autoridad representada por Constantino Carranza Lorenzo, agente municipal, y Juan Baltasar Gonz\u00e1lez, s\u00edndico, aseguraron que pese a la constante denuncia que han realizado en los \u00faltimos d\u00edas, a la fecha no hay respuesta a su leg\u00edtima demanda.<\/p>\n\n\n\n<figure class=\"wp-block-embed-twitter wp-block-embed is-type-rich is-provider-twitter\"><div class=\"wp-block-embed__wrapper\">\n<div class=\"twitter-tweet\"><blockquote class=\"twitter-tweet\" data-lang=\"es\"><p lang=\"es\" dir=\"ltr\"><a href=\"https:\/\/twitter.com\/hashtag\/%C3%9AltimoMinuto?src=hash&amp;ref_src=twsrc%5Etfw\">#\u00daltimoMinuto<\/a> <br>Desde hace 33 d\u00edas, Santo Tom\u00e1s Lachit\u00e1 bloquea accesos a San Melchor Betaza y la <a href=\"https:\/\/twitter.com\/SEGEGO_GobOax?ref_src=twsrc%5Etfw\">@SEGEGO_GobOax<\/a> los ignora. <br>Tuvieron que recurrir a <a href=\"https:\/\/twitter.com\/SEGOB_mx?ref_src=twsrc%5Etfw\">@SEGOB_mx<\/a>, donde tambi\u00e9n denunciaron la injerencia del senador <a href=\"https:\/\/twitter.com\/salomonj?ref_src=twsrc%5Etfw\">@salomonj<\/a>. <a href=\"https:\/\/t.co\/DJl15PufaE\">pic.twitter.com\/DJl15PufaE<\/a><\/p>&mdash; Zona Roja Oaxaca (@Zona_Roja_Oax) <a href=\"https:\/\/twitter.com\/Zona_Roja_Oax\/status\/1446192466558783599?ref_src=twsrc%5Etfw\">7 de octubre de 2021<\/a><\/blockquote><\/div>\n<\/div><\/figure>\n\n\n\n<p>Explicaron que el edil de San Melchor Betaza, Jes\u00fas Fabi\u00e1n Bret\u00f3n, se niega a repartir los recursos que les corresponden y que superan el mill\u00f3n de pesos en este ejercicio fiscal; por el contrario, se deja influenciar por Mario Huantes quien manipula al Cabildo municipal por encomienda de Salom\u00f3n Jara.&nbsp;<\/p>\n\n\n\n<p>\u201cEl recurso es incalculable porque estamos hablando que hay un desvi\u00f3 de recursos desde el 2000 o pr\u00e1cticamente desde que empez\u00f3 a autorizarse el famoso recurso de los ramos 28 y 33. En este a\u00f1o pedimos lo que por derecho nos corresponde 42 mil pesos mensuales del ramo 28, casi el mill\u00f3n de pesos del ramo 33 fondo 3 y m\u00e1s de 150 mil del fondo 4\u201d, detall\u00f3.&nbsp;&nbsp;<\/p>\n\n\n\n<p>Debido a la falta de atenci\u00f3n por parte del gobierno de Oaxaca, este jueves, fueron atendidos en la delegaci\u00f3n de la Secretar\u00eda de Gobernaci\u00f3n (Segob), toda vez que aseguran autoridades locales se han mostrados omisas e inoperantes para dar soluci\u00f3n a los conflictos en las comunidades de la Sierra Ju\u00e1rez.&nbsp;<\/p>\n\n\n\n<p>\u201cNosotros fuimos directamente a Palacio Nacional a ver al se\u00f1or Presidente de la Rep\u00fablica, porque ya no tenemos otro medio; el se\u00f1or Presidente tiene que escuchar que Oaxaca, que la Sierra no est\u00e1 bien. No es cierto que los municipios sean transparentes, la realidad est\u00e1 aqu\u00ed\u201d, dijo.&nbsp;&nbsp;<\/p>\n\n\n\n<p>De lo anterior se resolvi\u00f3 una mesa de trabajo hist\u00f3rica entre las autoridades federales, estatales y municipales, programada para la pr\u00f3xima semana, misma que celebraron como parte de la lucha que han iniciado desde hace m\u00e1s de un mes.&nbsp;<\/p>\n\n\n\n<p>Finalmente, insistieron en la exigencia al senador y aspirante a la gubernatura de Oaxaca, Salom\u00f3n Jara, para que saque las manos del municipio y deje de disponer del recurso que no le pertenece.\u00a0\u00a0<\/p>\n\n\n\n<figure class=\"wp-block-embed-twitter wp-block-embed is-type-rich is-provider-twitter\"><div class=\"wp-block-embed__wrapper\">\n<div class=\"twitter-tweet\"><blockquote class=\"twitter-tweet\" data-lang=\"es\"><p lang=\"es\" dir=\"ltr\"><a href=\"https:\/\/twitter.com\/hashtag\/ENVIVO?src=hash&amp;ref_src=twsrc%5Etfw\">#ENVIVO<\/a> <br>Oaxaca de Ju\u00e1rez, Oax., 7 de octubre de 2021. Habitantes de Lachit\u00e1 denuncian una vez m\u00e1s al senador <a href=\"https:\/\/twitter.com\/salomonj?ref_src=twsrc%5Etfw\">@salomonj<\/a> por inmiscuirse en la problem\u00e1tica de San Melchor Betaza.<br>Aqu\u00ed transmisi\u00f3n:<br>\ud83d\udc47<a href=\"https:\/\/t.co\/mguK3dhBzS\">https:\/\/t.co\/mguK3dhBzS<\/a><\/p>&mdash; Zona Roja Oaxaca (@Zona_Roja_Oax) <a href=\"https:\/\/twitter.com\/Zona_Roja_Oax\/status\/1446183061503168518?ref_src=twsrc%5Etfw\">7 de octubre de 2021<\/a><\/blockquote><\/div>\n<\/div><\/figure>\n","protected":false},"excerpt":{"rendered":"<p>Evlin Arag\u00f3n\/Zona Roja. Oaxaca de Ju\u00e1rez, Oax., 7 de octubre de 2021.- Pobladores de la&hellip;<\/p>\n","protected":false},"author":2,"featured_media":32891,"comment_status":"closed","ping_status":"open","sticky":false,"template":"","format":"standard","meta":{"_lmt_disableupdate":"","_lmt_disable":"","_jetpack_memberships_contains_paid_content":false,"footnotes":""},"categories":[109,47],"tags":[126],"class_list":["post-32890","post","type-post","status-publish","format-standard","has-post-thumbnail","hentry","category-minuto-a-minuto","category-zona-gris","tag-san-melchor-betaza"],"jetpack_featured_media_url":"https:\/\/zonaroja.com.mx\/wp-content\/uploads\/2021\/10\/Conferencia-Santo-Tomas-Lachitan-Betaza.jpg","jetpack_sharing_enabled":true,"_links":{"self":[{"href":"https:\/\/zonaroja.com.mx\/index.php?rest_route=\/wp\/v2\/posts\/32890","targetHints":{"allow":["GET"]}}],"collection":[{"href":"https:\/\/zonaroja.com.mx\/index.php?rest_route=\/wp\/v2\/posts"}],"about":[{"href":"https:\/\/zonaroja.com.mx\/index.php?rest_route=\/wp\/v2\/types\/post"}],"author":[{"embeddable":true,"href":"https:\/\/zonaroja.com.mx\/index.php?rest_route=\/wp\/v2\/users\/2"}],"replies":[{"embeddable":true,"href":"https:\/\/zonaroja.com.mx\/index.php?rest_route=%2Fwp%2Fv2%2Fcomments&post=32890"}],"version-history":[{"count":1,"href":"https:\/\/zonaroja.com.mx\/index.php?rest_route=\/wp\/v2\/posts\/32890\/revisions"}],"predecessor-version":[{"id":32892,"href":"https:\/\/zonaroja.com.mx\/index.php?rest_route=\/wp\/v2\/posts\/32890\/revisions\/32892"}],"wp:featuredmedia":[{"embeddable":true,"href":"https:\/\/zonaroja.com.mx\/index.php?rest_route=\/wp\/v2\/media\/32891"}],"wp:attachment":[{"href":"https:\/\/zonaroja.com.mx\/index.php?rest_route=%2Fwp%2Fv2%2Fmedia&parent=32890"}],"wp:term":[{"taxonomy":"category","embeddable":true,"href":"https:\/\/zonaroja.com.mx\/index.php?rest_route=%2Fwp%2Fv2%2Fcategories&post=32890"},{"taxonomy":"post_tag","embeddable":true,"href":"https:\/\/zonaroja.com.mx\/index.php?rest_route=%2Fwp%2Fv2%2Ftags&post=32890"}],"curies":[{"name":"wp","href":"https:\/\/api.w.org\/{rel}","templated":true}]}}