{"id":32893,"date":"2021-10-07T20:28:53","date_gmt":"2021-10-08T01:28:53","guid":{"rendered":"http:\/\/www.zonaroja.com.mx\/?p=32893"},"modified":"2021-10-07T20:32:16","modified_gmt":"2021-10-08T01:32:16","slug":"once-dias-en-huelga-y-sin-atencion-por-parte-de-los-sso","status":"publish","type":"post","link":"https:\/\/zonaroja.com.mx\/?p=32893","title":{"rendered":"Once d\u00edas en huelga y sin atenci\u00f3n por parte de los SSO"},"content":{"rendered":"\n<p>Evlin Arag\u00f3n\/Zona Roja.<\/p>\n\n\n\n<p>Oaxaca de Ju\u00e1rez, Oax., 7 de octubre de 2021.- A casi dos semanas que inici\u00f3 su huelga de hambre, Yesehy Velasco Caballero sigue a la espera de ser atendida por parte de las autoridades de los Servicios de Salud de Oaxaca (SSO) y la Defensor\u00eda de los Derechos Humanos del Pueblo de Oaxaca (DDHPO).<\/p>\n\n\n\n<p>Lo hace a las afueras de la dependencia encargada de salvaguardar los derechos de las personas en donde pernocta, desde hace 11  d\u00edas, al interior de una peque\u00f1a casa de campa\u00f1a que ha resistido todo tipo de clima, incluso una tormenta que orill\u00f3 a la mujer a dejar a sus dos hijos al cuidado de sus familiares. <\/p>\n\n\n\n<p>Y es que Yesehy Velasco inici\u00f3 su protesta el 27 de septiembre acompa\u00f1ada de sus peque\u00f1os, sin embargo, encontr\u00f3 m\u00e1s adecuado separarse de ellos para no ponerles en un riesgo mayor ante la falta de sensibilidad por parte de las autoridades estatales, que no se conmueven ante su caso.&nbsp;<\/p>\n\n\n\n<p>\u201cHasta el momento no ha habido acercamiento por parte de ninguna autoridad, sigo en espera que den respuesta a mi solicitud. Yo voy a seguir aqu\u00ed hasta que me atiendan\u201d, refiri\u00f3 la mujer visiblemente cansada.&nbsp;<\/p>\n\n\n\n<p>Ella forma parte del personal, denominado eventual, que fue cesado de los Servicios de Salud desde el 15 de septiembre, situaci\u00f3n que la orill\u00f3 a iniciar su protesta para exigir el pago retenido de la \u00faltima quincena laborada, su recontrataci\u00f3n y basificaci\u00f3n correspondiente.&nbsp;<\/p>\n\n\n\n<figure class=\"wp-block-embed is-type-rich is-provider-twitter wp-block-embed-twitter\"><div class=\"wp-block-embed__wrapper\">\n<div class=\"twitter-tweet\"><blockquote class=\"twitter-tweet\" data-lang=\"es\"><p lang=\"es\" dir=\"ltr\"><a href=\"https:\/\/twitter.com\/hashtag\/ENVIVO?src=hash&amp;ref_src=twsrc%5Etfw\">#ENVIVO<\/a> <br>Oaxaca de Ju\u00e1rez, Oax., 7 de octubre de 2021. Mujer denuncia irregularidades y prepotencia de funcionario del DIF Municipal de Oaxaca de Ju\u00e1rez (<a href=\"https:\/\/twitter.com\/MunicipioOaxaca?ref_src=twsrc%5Etfw\">@MunicipioOaxaca<\/a>), para quitarle a un beb\u00e9.<br><br>Siga aqu\u00ed la transmisi\u00f3n:<br>\ud83d\udc47<a href=\"https:\/\/t.co\/UI9pCPIFc6\">https:\/\/t.co\/UI9pCPIFc6<\/a><\/p>&mdash; Zona Roja Oaxaca (@Zona_Roja_Oax) <a href=\"https:\/\/twitter.com\/Zona_Roja_Oax\/status\/1446172014075543553?ref_src=twsrc%5Etfw\">7 de octubre de 2021<\/a><\/blockquote><\/div>\n<\/div><\/figure>\n\n\n\n<p>Lo anterior debido a que cuenta con una antig\u00fcedad de 10 a\u00f1os al interior de la dependencia, en donde estuvo adscrita al Centro de Salud de San Antonio de la Cal como personal administrativo y fue comisionada en otros espacios m\u00e9dicos, siendo el \u00faltimo el ubicado en la colonia Am\u00e9rica.&nbsp;&nbsp;<\/p>\n\n\n\n<p>Sin embargo, el no estar respaldada por ning\u00fan sindicato ocasion\u00f3 que fuera despedida de manera injustificada, al igual que cientos de trabajadores y trabajadoras, v\u00edctimas de la crisis que vive la dependencia, todav\u00eda comandada por el controversial Juan Carlos Marqu\u00e9s Heine, debido a la falta de techo presupuestal.&nbsp;<\/p>\n\n\n\n<p>\u201cYa estoy muy cansada, pero voy a estar aqu\u00ed hasta que ag\u00fcante. Tengo una familia que mantener\u201d, manifest\u00f3.<\/p>\n\n\n\n<p>Previamente, Yesehy Velasco denunci\u00f3 que mientras despiden al personal eventual, las autoridades de los SSO mantienen los pagos de aviadores y sus personas cercanas, de ah\u00ed que cuestion\u00f3 que los despidos masivos perjudiquen a los verdaderos trabajadores.&nbsp;<\/p>\n","protected":false},"excerpt":{"rendered":"<p>Evlin Arag\u00f3n\/Zona Roja. Oaxaca de Ju\u00e1rez, Oax., 7 de octubre de 2021.- A casi dos&hellip;<\/p>\n","protected":false},"author":2,"featured_media":32894,"comment_status":"closed","ping_status":"open","sticky":false,"template":"","format":"standard","meta":{"_lmt_disableupdate":"","_lmt_disable":"","_jetpack_memberships_contains_paid_content":false,"footnotes":""},"categories":[109,47],"tags":[2912],"class_list":["post-32893","post","type-post","status-publish","format-standard","has-post-thumbnail","hentry","category-minuto-a-minuto","category-zona-gris","tag-yesehy-velasco-caballero"],"jetpack_featured_media_url":"https:\/\/zonaroja.com.mx\/wp-content\/uploads\/2021\/10\/HUelga-de-hambre-SSO.jpg","jetpack_sharing_enabled":true,"_links":{"self":[{"href":"https:\/\/zonaroja.com.mx\/index.php?rest_route=\/wp\/v2\/posts\/32893","targetHints":{"allow":["GET"]}}],"collection":[{"href":"https:\/\/zonaroja.com.mx\/index.php?rest_route=\/wp\/v2\/posts"}],"about":[{"href":"https:\/\/zonaroja.com.mx\/index.php?rest_route=\/wp\/v2\/types\/post"}],"author":[{"embeddable":true,"href":"https:\/\/zonaroja.com.mx\/index.php?rest_route=\/wp\/v2\/users\/2"}],"replies":[{"embeddable":true,"href":"https:\/\/zonaroja.com.mx\/index.php?rest_route=%2Fwp%2Fv2%2Fcomments&post=32893"}],"version-history":[{"count":2,"href":"https:\/\/zonaroja.com.mx\/index.php?rest_route=\/wp\/v2\/posts\/32893\/revisions"}],"predecessor-version":[{"id":32896,"href":"https:\/\/zonaroja.com.mx\/index.php?rest_route=\/wp\/v2\/posts\/32893\/revisions\/32896"}],"wp:featuredmedia":[{"embeddable":true,"href":"https:\/\/zonaroja.com.mx\/index.php?rest_route=\/wp\/v2\/media\/32894"}],"wp:attachment":[{"href":"https:\/\/zonaroja.com.mx\/index.php?rest_route=%2Fwp%2Fv2%2Fmedia&parent=32893"}],"wp:term":[{"taxonomy":"category","embeddable":true,"href":"https:\/\/zonaroja.com.mx\/index.php?rest_route=%2Fwp%2Fv2%2Fcategories&post=32893"},{"taxonomy":"post_tag","embeddable":true,"href":"https:\/\/zonaroja.com.mx\/index.php?rest_route=%2Fwp%2Fv2%2Ftags&post=32893"}],"curies":[{"name":"wp","href":"https:\/\/api.w.org\/{rel}","templated":true}]}}