{"id":32897,"date":"2021-10-07T21:50:52","date_gmt":"2021-10-08T02:50:52","guid":{"rendered":"http:\/\/www.zonaroja.com.mx\/?p=32897"},"modified":"2021-10-07T21:50:55","modified_gmt":"2021-10-08T02:50:55","slug":"anulara-el-teeo-eleccion-en-pochutla-saymi-pineda-se-victimiza","status":"publish","type":"post","link":"https:\/\/zonaroja.com.mx\/?p=32897","title":{"rendered":"Anular\u00e1 el TEEO elecci\u00f3n en Pochutla; Saymi Pineda se victimiza"},"content":{"rendered":"\n<p>Redacci\u00f3n\/Zona Roja.<\/p>\n\n\n\n<p>Oaxaca de Ju\u00e1rez, Oax., 7 de octubre de 2021.- El Tribunal Electoral del Estado de Oaxaca (TEEO) tiene listo el dictamen en que plantea anular el triunfo de Saymi Pineda Velasco en San Pedro Pochutla.<\/p>\n\n\n\n<p>Ello al hallar diversas irregularidades durante la campa\u00f1a electoral y el d\u00eda de los comicios, el pasado 6 de junio, similares a los hechos registrados en Santa Cruz Xoxocotl\u00e1n, donde el Tribunal Electoral del Poder Judicial quit\u00f3 a una morenista el triunfo, Tania L\u00f3pez.<\/p>\n\n\n\n<p>Saymi Pineda Velasco fue reelecta como presidenta municipal, pero los resultados fueron impugnados por el Partido Nueva Alianza porque la diferencia entre el primero y segundo lugar fueron de alrededor 500 sufragios, que los inconformes aseguran fueron producto de un colosal fraude electoral.<\/p>\n\n\n\n<p>Las acusaciones o pruebas presentadas contra esos resultados son similares que en Xoxocotl\u00e1n, como uso de recursos p\u00fablicos a favor del candidato ganador, utilizaci\u00f3n de la estructura del gobierno municipal para hacer campa\u00f1a e intimidaci\u00f3n a los electores para que votaran por la aspirante.<\/p>\n\n\n\n<p>Ante ello, un grupo de morenistas afines a Salom\u00f3n Jara Cruz, adem\u00e1s del perredista Alejandro L\u00f3pez Jarqu\u00edn, que acudi\u00f3 en horas de trabajo, protestaron hoy en la sede del Tribunal Electoral en la capital oaxaque\u00f1a, para mostrar su inconformidad.<\/p>\n\n\n\n<figure class=\"wp-block-embed-twitter wp-block-embed is-type-rich is-provider-twitter\"><div class=\"wp-block-embed__wrapper\">\n<div class=\"twitter-tweet\"><blockquote class=\"twitter-tweet\" data-lang=\"es\"><p lang=\"es\" dir=\"ltr\"><a href=\"https:\/\/twitter.com\/hashtag\/%C3%9AltimoMinuto?src=hash&amp;ref_src=twsrc%5Etfw\">#\u00daltimoMinuto<\/a> <br>El <a href=\"https:\/\/twitter.com\/TEEOax?ref_src=twsrc%5Etfw\">@TEEOax<\/a> prev\u00e9 anular la elecci\u00f3n de San Pedro Pochutla, en su sesi\u00f3n de ma\u00f1ana. <br>Ante ello, representantes de Morena defienden el triunfo de <a href=\"https:\/\/twitter.com\/saymipinedav?ref_src=twsrc%5Etfw\">@saymipinedav<\/a>. <a href=\"https:\/\/t.co\/wA0IjKUVul\">pic.twitter.com\/wA0IjKUVul<\/a><\/p>&mdash; Zona Roja Oaxaca (@Zona_Roja_Oax) <a href=\"https:\/\/twitter.com\/Zona_Roja_Oax\/status\/1446162808765227025?ref_src=twsrc%5Etfw\">7 de octubre de 2021<\/a><\/blockquote><\/div>\n<\/div><\/figure>\n\n\n\n<p>En tanto, Saymi Pineda presiona e intimida e incluso amenaza a los magistrados del Tribunal Estatal Electoral de Oaxaca, quienes sesionar\u00e1n este viernes para resolver la impugnaci\u00f3n de los comicios en ese ayuntamiento.<\/p>\n\n\n\n<p>Seg\u00fan ha trascendido Pineda Velasco \u201cest\u00e1 muy nerviosa\u201d porque su suerte parece encaminarse a la de Tania L\u00f3pez L\u00f3pez, candidata y supuesta vencedora en los comicios de Santa Cruz Xoxocotl\u00e1n, donde la Sala Regional de Xalapa del Tribunal Electoral del Poder Judicial de la Federaci\u00f3n orden\u00f3 convocar a elecciones extraordinarias.<\/p>\n\n\n\n<p>Una vez analizadas todas las pruebas presentadas, los integrantes del Tribunal Estatal Electoral har\u00e1n p\u00fablica su resoluci\u00f3n y ante la posibilidad de que echen abajo los resultados que dan la victoria a Saymi, la actual presidenta municipal de San Pedro Pochutla se ha trasladado a la ciudad de Oaxaca para intentar influir en la sentencia, a\u00fan recurriendo a amenazas.<\/p>\n\n\n\n<p>La presencia de la aspirante y candidata de ese municipio en las instalaciones del TEE va m\u00e1s all\u00e1 de solo hacer acto de presencia medi\u00e1tica, aseguraron, pues se instala dentro de una din\u00e1mica de intimidaci\u00f3n y amenazas que ponen en riesgo la integridad de los integrantes del Tribunal encargado de resolver el asunto.<\/p>\n","protected":false},"excerpt":{"rendered":"<p>Redacci\u00f3n\/Zona Roja. Oaxaca de Ju\u00e1rez, Oax., 7 de octubre de 2021.- El Tribunal Electoral del&hellip;<\/p>\n","protected":false},"author":2,"featured_media":32898,"comment_status":"closed","ping_status":"open","sticky":false,"template":"","format":"standard","meta":{"_lmt_disableupdate":"","_lmt_disable":"","_jetpack_memberships_contains_paid_content":false,"footnotes":""},"categories":[109,47],"tags":[2714],"class_list":["post-32897","post","type-post","status-publish","format-standard","has-post-thumbnail","hentry","category-minuto-a-minuto","category-zona-gris","tag-saymi-pineda-velasco"],"jetpack_featured_media_url":"https:\/\/zonaroja.com.mx\/wp-content\/uploads\/2021\/10\/Conferencia-de-prensa-Morena-caso-Pochutla.jpg","jetpack_sharing_enabled":true,"_links":{"self":[{"href":"https:\/\/zonaroja.com.mx\/index.php?rest_route=\/wp\/v2\/posts\/32897","targetHints":{"allow":["GET"]}}],"collection":[{"href":"https:\/\/zonaroja.com.mx\/index.php?rest_route=\/wp\/v2\/posts"}],"about":[{"href":"https:\/\/zonaroja.com.mx\/index.php?rest_route=\/wp\/v2\/types\/post"}],"author":[{"embeddable":true,"href":"https:\/\/zonaroja.com.mx\/index.php?rest_route=\/wp\/v2\/users\/2"}],"replies":[{"embeddable":true,"href":"https:\/\/zonaroja.com.mx\/index.php?rest_route=%2Fwp%2Fv2%2Fcomments&post=32897"}],"version-history":[{"count":1,"href":"https:\/\/zonaroja.com.mx\/index.php?rest_route=\/wp\/v2\/posts\/32897\/revisions"}],"predecessor-version":[{"id":32899,"href":"https:\/\/zonaroja.com.mx\/index.php?rest_route=\/wp\/v2\/posts\/32897\/revisions\/32899"}],"wp:featuredmedia":[{"embeddable":true,"href":"https:\/\/zonaroja.com.mx\/index.php?rest_route=\/wp\/v2\/media\/32898"}],"wp:attachment":[{"href":"https:\/\/zonaroja.com.mx\/index.php?rest_route=%2Fwp%2Fv2%2Fmedia&parent=32897"}],"wp:term":[{"taxonomy":"category","embeddable":true,"href":"https:\/\/zonaroja.com.mx\/index.php?rest_route=%2Fwp%2Fv2%2Fcategories&post=32897"},{"taxonomy":"post_tag","embeddable":true,"href":"https:\/\/zonaroja.com.mx\/index.php?rest_route=%2Fwp%2Fv2%2Ftags&post=32897"}],"curies":[{"name":"wp","href":"https:\/\/api.w.org\/{rel}","templated":true}]}}