{"id":3290,"date":"2019-08-22T14:31:25","date_gmt":"2019-08-22T19:31:25","guid":{"rendered":"http:\/\/www.zonaroja.com.mx\/?p=3290"},"modified":"2019-08-22T14:31:27","modified_gmt":"2019-08-22T19:31:27","slug":"en-plantel-con-ninos-con-capacidades-diferentes-inicia-s-22-su-ciclo-escolar","status":"publish","type":"post","link":"https:\/\/zonaroja.com.mx\/?p=3290","title":{"rendered":"En plantel con ni\u00f1os con capacidades diferentes inicia S-22 su ciclo escolar"},"content":{"rendered":"\n<p>Evlin\nArag\u00f3n\/Zona Roja. <\/p>\n\n\n\n<p>Oaxaca de\nJu\u00e1rez, Oax., 22 de agosto de 2019.- &nbsp;Con\nel homenaje a la Bandera Nacional, con una escolta formada por ni\u00f1os en silla\nde ruedas, la Secci\u00f3n 22 del Sindicato Nacional de Trabajadores de la Educaci\u00f3n\n(SNTE) inici\u00f3 su propio ciclo escolar 2019-2020.<\/p>\n\n\n\n<p>Sin embargo, aunque garantiz\u00f3 que en todas las regiones del estado iniciaron las actividades escolares, la mayor\u00eda de planteles no abri\u00f3 sus puertas, principalmente en la capital.<\/p>\n\n\n\n<figure class=\"wp-block-embed-twitter wp-block-embed is-type-rich is-provider-twitter\"><div class=\"wp-block-embed__wrapper\">\n<div class=\"twitter-tweet\"><blockquote class=\"twitter-tweet\" data-lang=\"es\"><p lang=\"es\" dir=\"ltr\">Con un homenaje a la Bandera Nacional, en que participaron ni\u00f1as y ni\u00f1os con capacidades diferentes, la <a href=\"https:\/\/twitter.com\/SECCIONXXII?ref_src=twsrc%5Etfw\">@SECCIONXXII<\/a> inici\u00f3 este jueves su propio ciclo escolar 2019-2020, en el Centro de Atenci\u00f3n M\u00faltiple ubicado en Pueblo Nuevo, agencia de Oaxaca de Ju\u00e1rez. <a href=\"https:\/\/t.co\/2oTd8L5uLy\">pic.twitter.com\/2oTd8L5uLy<\/a><\/p>&mdash; Zona Roja Oaxaca (@MexRoja) <a href=\"https:\/\/twitter.com\/MexRoja\/status\/1164556068833255429?ref_src=twsrc%5Etfw\">22 de agosto de 2019<\/a><\/blockquote><\/div>\n<\/div><\/figure>\n\n\n\n<p>La ceremonia\nprotocolaria se llev\u00f3 a cabo en el Centro de Atenci\u00f3n M\u00faltiple n\u00famero 46,\nubicado en la agencia de Pueblo Nuevo, en la ciudad de Oaxaca, la cual fue\ntraducida en lengua de se\u00f1as por parte de docentes de la gremial magisterial,\nquienes tienen a su cargo a ni\u00f1as y ni\u00f1os de educaci\u00f3n especial con diferentes\ntipos de discapacidad.<\/p>\n\n\n\n<p>El secretario\nGeneral de la Secci\u00f3n 22, Eloy L\u00f3pez Hern\u00e1ndez, asegur\u00f3 que la Reforma\nEducativa puso en riesgo la educaci\u00f3n especial, ya que se plateaba una\neducaci\u00f3n inclusiva que toma en cuenta las dificultades que enfrentan las ni\u00f1as\ny ni\u00f1os con discapacidad por lo que dijo se mantendr\u00e1n en la lucha para que la\nespecialidad con la que ya cuentan algunos docentes no se vea afectada.<\/p>\n\n\n\n<p>Destac\u00f3 que\nha sido con el respaldo del sindicato y no de las instancias gubernamentales\nque se ha mantenido los diferentes centros de atenci\u00f3n m\u00faltiples ubicados en la\nentidad, pese a la falta de infraestructura adecuada para la atenci\u00f3n de\nmenores de edad con discapacidad. <\/p>\n\n\n\n<p>Por lo\nanterior, explic\u00f3 es fundamental mantener la lucha para que en las leyes\nsecundarias de educaci\u00f3n se puedan reconocer los centros de educaci\u00f3n especial,\nel uso de las lenguas ind\u00edgenas, as\u00ed como otras caracter\u00edsticas propias de la\ndiversidad cultural con la que cuenta Oaxaca y que no consideraba la Reforma\nEducativa.<\/p>\n\n\n\n<p>\u201cLa Secci\u00f3n 22 mantendr\u00e1 la lucha por la educaci\u00f3n de calidad en la entidad oaxaque\u00f1a, no pararemos y prueba de ello es el inicio de este ciclo escolar como lo estipula nuestro calendario alternativo basado en el Plan para la Transformaci\u00f3n de la Educaci\u00f3n en Oaxaca\u201d, indic\u00f3.<\/p>\n\n\n\n<figure class=\"wp-block-embed-twitter wp-block-embed is-type-rich is-provider-twitter\"><div class=\"wp-block-embed__wrapper\">\n<div class=\"twitter-tweet\"><blockquote class=\"twitter-tweet\" data-lang=\"es\"><p lang=\"es\" dir=\"ltr\">As\u00ed fue el inicio simb\u00f3lico del ciclo escolar 2019-2020 por parte de la <a href=\"https:\/\/twitter.com\/SECCIONXXII?ref_src=twsrc%5Etfw\">@SECCIONXXII<\/a> del SNTE este jueves, en el Centro de Atenci\u00f3n M\u00faltiple ubicado en la agencia de Pueblo Nuevo, ciudad de Oaxaca. En la capital, en la mayor\u00eda de planteles no comenzaron las clases. <a href=\"https:\/\/t.co\/1bMDADxD7T\">pic.twitter.com\/1bMDADxD7T<\/a><\/p>&mdash; Zona Roja Oaxaca (@MexRoja) <a href=\"https:\/\/twitter.com\/MexRoja\/status\/1164608532815257603?ref_src=twsrc%5Etfw\">22 de agosto de 2019<\/a><\/blockquote><\/div>\n<\/div><\/figure>\n\n\n\n<p>L\u00f3pez\nHern\u00e1ndez record\u00f3 que ser\u00e1 el pr\u00f3ximo 10 de septiembre que se reunir\u00e1n con las\nautoridades federales, encabezadas el presidente de la Rep\u00fablica, Andr\u00e9s Manuel\nL\u00f3pez Obrador, en donde se plantear\u00e1n las diversas exigencias de la gremial,\nincluyendo el respeto a su movimiento y el cumplimiento de las diversas minutas\nfirmadas.<\/p>\n\n\n\n<p>Manifest\u00f3\nque sus compa\u00f1eras y compa\u00f1eros de la gremial replicaran el arranque del ciclo\nescolar en las ocho regiones y los 37 sectores, para dar inicio con las\nactividades al interior de las 13 mil escuelas que se ubican en territorio\noaxaque\u00f1o.<\/p>\n","protected":false},"excerpt":{"rendered":"<p>Evlin Arag\u00f3n\/Zona Roja. Oaxaca de Ju\u00e1rez, Oax., 22 de agosto de 2019.- &nbsp;Con el homenaje&hellip;<\/p>\n","protected":false},"author":2,"featured_media":3291,"comment_status":"closed","ping_status":"open","sticky":false,"template":"","format":"standard","meta":{"_lmt_disableupdate":"","_lmt_disable":"","_jetpack_memberships_contains_paid_content":false,"footnotes":""},"categories":[109,46],"tags":[595,312],"class_list":["post-3290","post","type-post","status-publish","format-standard","has-post-thumbnail","hentry","category-minuto-a-minuto","category-zona-blanca","tag-ciclo-escolar-2019-2020","tag-seccion-22-del-snte"],"jetpack_featured_media_url":"https:\/\/zonaroja.com.mx\/wp-content\/uploads\/2019\/08\/Ciclo-escolar.jpg","jetpack_sharing_enabled":true,"_links":{"self":[{"href":"https:\/\/zonaroja.com.mx\/index.php?rest_route=\/wp\/v2\/posts\/3290","targetHints":{"allow":["GET"]}}],"collection":[{"href":"https:\/\/zonaroja.com.mx\/index.php?rest_route=\/wp\/v2\/posts"}],"about":[{"href":"https:\/\/zonaroja.com.mx\/index.php?rest_route=\/wp\/v2\/types\/post"}],"author":[{"embeddable":true,"href":"https:\/\/zonaroja.com.mx\/index.php?rest_route=\/wp\/v2\/users\/2"}],"replies":[{"embeddable":true,"href":"https:\/\/zonaroja.com.mx\/index.php?rest_route=%2Fwp%2Fv2%2Fcomments&post=3290"}],"version-history":[{"count":1,"href":"https:\/\/zonaroja.com.mx\/index.php?rest_route=\/wp\/v2\/posts\/3290\/revisions"}],"predecessor-version":[{"id":3292,"href":"https:\/\/zonaroja.com.mx\/index.php?rest_route=\/wp\/v2\/posts\/3290\/revisions\/3292"}],"wp:featuredmedia":[{"embeddable":true,"href":"https:\/\/zonaroja.com.mx\/index.php?rest_route=\/wp\/v2\/media\/3291"}],"wp:attachment":[{"href":"https:\/\/zonaroja.com.mx\/index.php?rest_route=%2Fwp%2Fv2%2Fmedia&parent=3290"}],"wp:term":[{"taxonomy":"category","embeddable":true,"href":"https:\/\/zonaroja.com.mx\/index.php?rest_route=%2Fwp%2Fv2%2Fcategories&post=3290"},{"taxonomy":"post_tag","embeddable":true,"href":"https:\/\/zonaroja.com.mx\/index.php?rest_route=%2Fwp%2Fv2%2Ftags&post=3290"}],"curies":[{"name":"wp","href":"https:\/\/api.w.org\/{rel}","templated":true}]}}