{"id":32900,"date":"2021-10-07T22:26:05","date_gmt":"2021-10-08T03:26:05","guid":{"rendered":"http:\/\/www.zonaroja.com.mx\/?p=32900"},"modified":"2021-10-07T22:26:08","modified_gmt":"2021-10-08T03:26:08","slug":"asesinan-a-un-individuo-en-juchitan-y-otro-en-tonameca-suman-5-homicidios","status":"publish","type":"post","link":"https:\/\/zonaroja.com.mx\/?p=32900","title":{"rendered":"Asesinan a un individuo en Juchit\u00e1n y otro en Tonameca; suman 5 homicidios"},"content":{"rendered":"\n<p>Redacci\u00f3n\/Zona Roja.<\/p>\n\n\n\n<p>Oaxaca de Ju\u00e1rez, Oax., 7 de octubre de 2021.- Adem\u00e1s de tres mujeres que perdieron la vida de manera violenta, dos personas del sexo masculino fueron asesinadas a balazos este jueves en Oaxaca.<\/p>\n\n\n\n<p>En Juchit\u00e1n de Zaragoza, esta tarde fue ultimado un joven, de aproximadamente 22 a\u00f1os de edad, en el interior de una vivienda, ubicada en la Novena Secci\u00f3n.<\/p>\n\n\n\n<p>La v\u00edctima fue identificada como Juan Alberto H. J., quien fue ejecutado por un grupo armado; familiares levantaron de inmediato el cuerpo y lo llevaron a otro domicilio, antes que llegara la polic\u00eda y el Ministerio P\u00fablico.<\/p>\n\n\n\n<p>Por otra parte, en la comunidad de Rinc\u00f3n Alegre, del municipio de Santa Mar\u00eda Tonameca, esta tarde fue asesinado un individuo, identificado como Esteban Escamilla,<\/p>\n\n\n\n<p>Era integrante de una de las dos cooperativas tur\u00edsticas de Ventanilla, reserva natural de diversas especies.<\/p>\n\n\n\n<p>Hasta el momento se desconocen las causas del crimen; en ambos casos no hay personas detenidas.<\/p>\n","protected":false},"excerpt":{"rendered":"<p>Redacci\u00f3n\/Zona Roja. Oaxaca de Ju\u00e1rez, Oax., 7 de octubre de 2021.- Adem\u00e1s de tres mujeres&hellip;<\/p>\n","protected":false},"author":2,"featured_media":7486,"comment_status":"closed","ping_status":"open","sticky":false,"template":"","format":"standard","meta":{"_lmt_disableupdate":"","_lmt_disable":"","_jetpack_memberships_contains_paid_content":false,"footnotes":""},"categories":[109,51],"tags":[123],"class_list":["post-32900","post","type-post","status-publish","format-standard","has-post-thumbnail","hentry","category-minuto-a-minuto","category-zona-roja","tag-juchitan-de-zaragoza"],"jetpack_featured_media_url":"https:\/\/zonaroja.com.mx\/wp-content\/uploads\/2020\/01\/Escena-del-crimen7.jpg","jetpack_sharing_enabled":true,"_links":{"self":[{"href":"https:\/\/zonaroja.com.mx\/index.php?rest_route=\/wp\/v2\/posts\/32900","targetHints":{"allow":["GET"]}}],"collection":[{"href":"https:\/\/zonaroja.com.mx\/index.php?rest_route=\/wp\/v2\/posts"}],"about":[{"href":"https:\/\/zonaroja.com.mx\/index.php?rest_route=\/wp\/v2\/types\/post"}],"author":[{"embeddable":true,"href":"https:\/\/zonaroja.com.mx\/index.php?rest_route=\/wp\/v2\/users\/2"}],"replies":[{"embeddable":true,"href":"https:\/\/zonaroja.com.mx\/index.php?rest_route=%2Fwp%2Fv2%2Fcomments&post=32900"}],"version-history":[{"count":1,"href":"https:\/\/zonaroja.com.mx\/index.php?rest_route=\/wp\/v2\/posts\/32900\/revisions"}],"predecessor-version":[{"id":32901,"href":"https:\/\/zonaroja.com.mx\/index.php?rest_route=\/wp\/v2\/posts\/32900\/revisions\/32901"}],"wp:featuredmedia":[{"embeddable":true,"href":"https:\/\/zonaroja.com.mx\/index.php?rest_route=\/wp\/v2\/media\/7486"}],"wp:attachment":[{"href":"https:\/\/zonaroja.com.mx\/index.php?rest_route=%2Fwp%2Fv2%2Fmedia&parent=32900"}],"wp:term":[{"taxonomy":"category","embeddable":true,"href":"https:\/\/zonaroja.com.mx\/index.php?rest_route=%2Fwp%2Fv2%2Fcategories&post=32900"},{"taxonomy":"post_tag","embeddable":true,"href":"https:\/\/zonaroja.com.mx\/index.php?rest_route=%2Fwp%2Fv2%2Ftags&post=32900"}],"curies":[{"name":"wp","href":"https:\/\/api.w.org\/{rel}","templated":true}]}}