{"id":32902,"date":"2021-10-07T22:41:52","date_gmt":"2021-10-08T03:41:52","guid":{"rendered":"http:\/\/www.zonaroja.com.mx\/?p=32902"},"modified":"2021-10-07T22:41:55","modified_gmt":"2021-10-08T03:41:55","slug":"semaforo-verde-jueves-de-26-muertes-y-239-contagiados","status":"publish","type":"post","link":"https:\/\/zonaroja.com.mx\/?p=32902","title":{"rendered":"\u00bfSem\u00e1foro verde? Jueves de 26 muertes y 239 contagiados"},"content":{"rendered":"\n<p>Redacci\u00f3n\/Zona Roja.<\/p>\n\n\n\n<p>Oaxaca de Ju\u00e1rez, Oax. 7 de octubre de 2021.- Las muertes por Covid-19 en la entidad ascendieron a cinco mil 266, mientras que los casos confirmados llegaron a 78 mil 554, informaron este jueves los Servicios de Salud de Oaxaca (SSO).<\/p>\n\n\n\n<p>Y es que, en las \u00faltimas 24 horas se registraron 26 decesos m\u00e1s y 239 nuevos contagios, estos \u00faltimos fueron identificados en 67 municipios.<\/p>\n\n\n\n<p>Adem\u00e1s, al corte de este 7 de octubre se ingresaron a dos nuevos pacientes a la red hospitalaria, para un total de 206 personas que se encuentran recibiendo atenci\u00f3n especializada.<\/p>\n\n\n\n<p>De acuerdo a las estad\u00edsticas, la patolog\u00eda est\u00e1 activa en 127 municipios, con 897 pacientes que iniciaron s\u00edntomas en los \u00faltimos 14 d\u00edas.<\/p>\n\n\n\n<p>De los ayuntamientos con casos notificados en esta jornada, los de mayor n\u00famero son: Oaxaca de Ju\u00e1rez con 46 contagios, Heroica Ciudad de Juchit\u00e1n de Zaragoza con 20, Chahuites con 14, as\u00ed como Salina Cruz y Santa Cruz Xoxocotl\u00e1n con 13 respectivamente, el resto menos de siete pacientes.<\/p>\n\n\n\n<p>A la fecha se tiene un total de 139 mil 112 notificaciones, 54 mil 757 son casos negativos, cinco mil 801 sospechosos y 72 mil 391 personas recuperadas.<\/p>\n\n\n\n<figure class=\"wp-block-embed-twitter wp-block-embed is-type-rich is-provider-twitter\"><div class=\"wp-block-embed__wrapper\">\n<div class=\"twitter-tweet\"><blockquote class=\"twitter-tweet\" data-lang=\"es\"><p lang=\"es\" dir=\"ltr\"><a href=\"https:\/\/twitter.com\/hashtag\/%C3%9AltimoMinuto?src=hash&amp;ref_src=twsrc%5Etfw\">#\u00daltimoMinuto<\/a><br>Los Servicios de Salud de <a href=\"https:\/\/twitter.com\/hashtag\/Oaxaca?src=hash&amp;ref_src=twsrc%5Etfw\">#Oaxaca<\/a> reportan este jueves 239 casos positivos a Covid, para un total de 78 mil 554 casos confirmados.<br>Tambi\u00e9n 26 decesos, con lo que suman 5 mil 266 fallecimientos.<br>Hay 6 nosocomios saturados; ocupaci\u00f3n hospitalaria promedio 44.8%. <a href=\"https:\/\/t.co\/2MacotWwEs\">pic.twitter.com\/2MacotWwEs<\/a><\/p>&mdash; Zona Roja Oaxaca (@Zona_Roja_Oax) <a href=\"https:\/\/twitter.com\/Zona_Roja_Oax\/status\/1446298548862136320?ref_src=twsrc%5Etfw\">8 de octubre de 2021<\/a><\/blockquote><\/div>\n<\/div><\/figure>\n\n\n\n<p>El informe t\u00e9cnico de este d\u00eda refiere que Valles Centrales acumula un global de 47 mil 639 casos, dos mil 338 defunciones y 447 activos; Istmo con 11 mil 122 casos, mil 139 decesos y 277 activos; Tuxtepec con cinco mil 299 casos, 524 muertes y 61 activos; Costa con cinco mil 652 casos, 449 p\u00e9rdidas de vidas y 46 activos; Mixteca con seis mil 091 casos, 534 defunciones y 41 activos; y la Sierra con dos mil 751 casos, 282 fallecimientos y 25 activos.<\/p>\n\n\n\n<p>Respecto al \u00edndice de hospitalizaciones, la ocupaci\u00f3n de camas para la atenci\u00f3n de la pandemia se encuentra de manera general al 44.8%. Por Jurisdicci\u00f3n Sanitaria, Valles Centrales notific\u00f3 47.8%, Istmo 51.2%, Tuxtepec 56.3%, Costa 22.9%, Mixteca 31.4%, y la Sierra no presenta pacientes hospitalizados. Para este jueves seis hospitales presentan el 100% de saturaci\u00f3n.<\/p>\n\n\n\n<p>La entidad contin\u00faa en sem\u00e1foro color verde, sin embargo, a\u00fan es obligatorio el uso del cubrebocas en espacios p\u00fablicos, y es importante llevar a cabo en todo momento las acciones de protecci\u00f3n, con el objetivo de evitar el incremento de contagios en la entidad.<\/p>\n\n\n\n<p>La dependencia reitera el llamado a la poblaci\u00f3n para que acudan a completar el esquema de vacunaci\u00f3n contra el COVID-19, ya que en caso de contraer el virus se reduce el riesgo de complicaciones y fallecimiento, y con ello se avanza en la lucha contra la pandemia.<\/p>\n\n\n\n<p>(Comunicado)<\/p>\n","protected":false},"excerpt":{"rendered":"<p>Redacci\u00f3n\/Zona Roja. Oaxaca de Ju\u00e1rez, Oax. 7 de octubre de 2021.- Las muertes por Covid-19&hellip;<\/p>\n","protected":false},"author":2,"featured_media":32903,"comment_status":"closed","ping_status":"open","sticky":false,"template":"","format":"standard","meta":{"_lmt_disableupdate":"","_lmt_disable":"","_jetpack_memberships_contains_paid_content":false,"footnotes":""},"categories":[109,47],"tags":[1512],"class_list":["post-32902","post","type-post","status-publish","format-standard","has-post-thumbnail","hentry","category-minuto-a-minuto","category-zona-gris","tag-coronavirus-oaxaca"],"jetpack_featured_media_url":"https:\/\/zonaroja.com.mx\/wp-content\/uploads\/2021\/10\/SSO-1-2.jpg","jetpack_sharing_enabled":true,"_links":{"self":[{"href":"https:\/\/zonaroja.com.mx\/index.php?rest_route=\/wp\/v2\/posts\/32902","targetHints":{"allow":["GET"]}}],"collection":[{"href":"https:\/\/zonaroja.com.mx\/index.php?rest_route=\/wp\/v2\/posts"}],"about":[{"href":"https:\/\/zonaroja.com.mx\/index.php?rest_route=\/wp\/v2\/types\/post"}],"author":[{"embeddable":true,"href":"https:\/\/zonaroja.com.mx\/index.php?rest_route=\/wp\/v2\/users\/2"}],"replies":[{"embeddable":true,"href":"https:\/\/zonaroja.com.mx\/index.php?rest_route=%2Fwp%2Fv2%2Fcomments&post=32902"}],"version-history":[{"count":1,"href":"https:\/\/zonaroja.com.mx\/index.php?rest_route=\/wp\/v2\/posts\/32902\/revisions"}],"predecessor-version":[{"id":32904,"href":"https:\/\/zonaroja.com.mx\/index.php?rest_route=\/wp\/v2\/posts\/32902\/revisions\/32904"}],"wp:featuredmedia":[{"embeddable":true,"href":"https:\/\/zonaroja.com.mx\/index.php?rest_route=\/wp\/v2\/media\/32903"}],"wp:attachment":[{"href":"https:\/\/zonaroja.com.mx\/index.php?rest_route=%2Fwp%2Fv2%2Fmedia&parent=32902"}],"wp:term":[{"taxonomy":"category","embeddable":true,"href":"https:\/\/zonaroja.com.mx\/index.php?rest_route=%2Fwp%2Fv2%2Fcategories&post=32902"},{"taxonomy":"post_tag","embeddable":true,"href":"https:\/\/zonaroja.com.mx\/index.php?rest_route=%2Fwp%2Fv2%2Ftags&post=32902"}],"curies":[{"name":"wp","href":"https:\/\/api.w.org\/{rel}","templated":true}]}}