{"id":32905,"date":"2021-10-08T07:20:48","date_gmt":"2021-10-08T12:20:48","guid":{"rendered":"http:\/\/www.zonaroja.com.mx\/?p=32905"},"modified":"2021-10-08T07:20:50","modified_gmt":"2021-10-08T12:20:50","slug":"inicia-proceso-de-traspaso-de-sector-salud-de-oaxaca-a-la-federacion","status":"publish","type":"post","link":"https:\/\/zonaroja.com.mx\/?p=32905","title":{"rendered":"Inicia proceso de traspaso de sector salud de Oaxaca a la Federaci\u00f3n"},"content":{"rendered":"\n<p>Redacci\u00f3n\/Zona Roja.<\/p>\n\n\n\n<p>Oaxaca de Ju\u00e1rez, Oax., 8 de octubre de 2021.- Con una supervisi\u00f3n y diagn\u00f3stico de la red m\u00e9dica, los gobiernos estatal y federal iniciaron el proceso de traspaso del sector salud de Oaxaca a la Federaci\u00f3n.<\/p>\n\n\n\n<p>Los Servicios de Salud de Oaxaca (SSO) informaron que personal de la Unidad del Programa del Instituto Mexicano del Seguro Social (IMSS) en su r\u00e9gimen Bienestar, lleva a cabo los trabajos desde el pasado 4 de octubre y hasta el pr\u00f3ximo 20 del mismo mes.<\/p>\n\n\n\n<p>En un comunicado, la dependencia precis\u00f3 que esta inspecci\u00f3n se realiza con la finalidad de levantar un diagn\u00f3stico situacional en 874 unidades del primer nivel, 38 del segundo nivel y dos del tercer nivel de atenci\u00f3n a la salud en el territorio estatal.<\/p>\n\n\n\n<p>\u201cEllo, como parte del proceso para federalizar el sistema de salud p\u00fablico y trabajar de manera coordinada con el Instituto de Salud para el Bienestar (Insabi), as\u00ed como con el IMSS-Bienestar, en aras de garantizar el acceso a la atenci\u00f3n m\u00e9dica gratuita de la poblaci\u00f3n sin seguridad social\u201d.<\/p>\n\n\n\n<p>\u201cAunado a lograr un avance paulatino y permanente en la mejora de la prestaci\u00f3n de los servicios de salud de calidad, equitativo, eficiente y con seguridad para el paciente, tal y como ha sido la instrucci\u00f3n del Ejecutivo federal, Andr\u00e9s Manuel L\u00f3pez Obrador\u201d, expuso.<\/p>\n\n\n\n<p>Detall\u00f3 que hasta el momento las visitas de trabajo que han sido concluidas en los hospitales generales por parte del personal de la instituci\u00f3n de salud federal son: San Pablo Huixtepec, San Juan Bautista Tuxtepec, Santiago Pinotepa Nacional, Ciudad Ixtepec y Mar\u00eda Lombardo de Caso; as\u00ed como, en los nosocomios comunitarios de R\u00edo Grande y San Juan Bautista Valle Nacional.<\/p>\n\n\n\n<p>Tambi\u00e9n ha terminado el recorrido en el Hospital de la Ni\u00f1ez Oaxaque\u00f1a \u201cDr. Guillermo Z\u00e1rate Mijangos\u201d, mientras que en los centros hospitalarios de Putla Villa de Guerrero y San Jacinto Tlacotepec el levantamiento de c\u00e9dulas para el an\u00e1lisis se encuentra en proceso de culminaci\u00f3n.<\/p>\n\n\n\n<p>La instancia subray\u00f3 que se brindan las facilidades y se trabaja en equipo para que las actividades programadas se realicen sin contratiempos.<\/p>\n\n\n\n<p>LLAMADO A CORDURA<\/p>\n\n\n\n<p>Por otra parte, los Servicios de Salud, en coordinaci\u00f3n con la Secretar\u00eda de Seguridad P\u00fablica de Oaxaca (SSPO), sostuvieron una reuni\u00f3n con las y los trabajadores de la Coordinadora de Sindicatos de Salud de Oaxaca (CSSO), en la b\u00fasqueda de soluciones que permitan mejorar las condiciones en la atenci\u00f3n de la poblaci\u00f3n oaxaque\u00f1a.<\/p>\n\n\n\n<p>Este encuentro fue encabezado por los secretarios de Salud del Estado, Juan Carlos M\u00e1rquez Heine y de Seguridad P\u00fablica, Heliodoro D\u00edaz Esc\u00e1rraga.<\/p>\n\n\n\n<p>\u201cLa permanente comunicaci\u00f3n y el trabajo coordinado que ha mantenido el Gobierno del Estado con la Federaci\u00f3n, en aras de transformar y ordenar el Sector Salud, hace posible que se avance para encontrar soluciones que permitan garantizar la atenci\u00f3n m\u00e9dica en las diferentes unidades de salud\u201d, agreg\u00f3. \u201cEl compromiso y disposici\u00f3n que ha puesto el Gobierno Federal en apoyar al estado de Oaxaca resulta determinante para lograr la universalidad de los servicios de salud\u201d, a\u00f1adi\u00f3.<\/p>\n","protected":false},"excerpt":{"rendered":"<p>Redacci\u00f3n\/Zona Roja. Oaxaca de Ju\u00e1rez, Oax., 8 de octubre de 2021.- Con una supervisi\u00f3n y&hellip;<\/p>\n","protected":false},"author":2,"featured_media":32906,"comment_status":"closed","ping_status":"open","sticky":false,"template":"","format":"standard","meta":{"_lmt_disableupdate":"","_lmt_disable":"","_jetpack_memberships_contains_paid_content":false,"footnotes":""},"categories":[109,46],"tags":[1005],"class_list":["post-32905","post","type-post","status-publish","format-standard","has-post-thumbnail","hentry","category-minuto-a-minuto","category-zona-blanca","tag-servicios-de-salud-de-oaxaca-sso"],"jetpack_featured_media_url":"https:\/\/zonaroja.com.mx\/wp-content\/uploads\/2021\/10\/Visita-IMSS-Unidades-Medicas-del-Sector-Salud-de-Oaxaca-2.jpeg","jetpack_sharing_enabled":true,"_links":{"self":[{"href":"https:\/\/zonaroja.com.mx\/index.php?rest_route=\/wp\/v2\/posts\/32905","targetHints":{"allow":["GET"]}}],"collection":[{"href":"https:\/\/zonaroja.com.mx\/index.php?rest_route=\/wp\/v2\/posts"}],"about":[{"href":"https:\/\/zonaroja.com.mx\/index.php?rest_route=\/wp\/v2\/types\/post"}],"author":[{"embeddable":true,"href":"https:\/\/zonaroja.com.mx\/index.php?rest_route=\/wp\/v2\/users\/2"}],"replies":[{"embeddable":true,"href":"https:\/\/zonaroja.com.mx\/index.php?rest_route=%2Fwp%2Fv2%2Fcomments&post=32905"}],"version-history":[{"count":1,"href":"https:\/\/zonaroja.com.mx\/index.php?rest_route=\/wp\/v2\/posts\/32905\/revisions"}],"predecessor-version":[{"id":32907,"href":"https:\/\/zonaroja.com.mx\/index.php?rest_route=\/wp\/v2\/posts\/32905\/revisions\/32907"}],"wp:featuredmedia":[{"embeddable":true,"href":"https:\/\/zonaroja.com.mx\/index.php?rest_route=\/wp\/v2\/media\/32906"}],"wp:attachment":[{"href":"https:\/\/zonaroja.com.mx\/index.php?rest_route=%2Fwp%2Fv2%2Fmedia&parent=32905"}],"wp:term":[{"taxonomy":"category","embeddable":true,"href":"https:\/\/zonaroja.com.mx\/index.php?rest_route=%2Fwp%2Fv2%2Fcategories&post=32905"},{"taxonomy":"post_tag","embeddable":true,"href":"https:\/\/zonaroja.com.mx\/index.php?rest_route=%2Fwp%2Fv2%2Ftags&post=32905"}],"curies":[{"name":"wp","href":"https:\/\/api.w.org\/{rel}","templated":true}]}}