{"id":32908,"date":"2021-10-08T07:37:38","date_gmt":"2021-10-08T12:37:38","guid":{"rendered":"http:\/\/www.zonaroja.com.mx\/?p=32908"},"modified":"2021-10-08T08:13:36","modified_gmt":"2021-10-08T13:13:36","slug":"identifican-a-madre-e-hija-halladas-muertas-investigan-a-mototaxista","status":"publish","type":"post","link":"https:\/\/zonaroja.com.mx\/?p=32908","title":{"rendered":"Identifican a madre e hija halladas muertas; investigan a mototaxista"},"content":{"rendered":"\n<p>Ismael Garc\u00eda M.\/Zona Roja.<\/p>\n\n\n\n<p>Oaxaca de Ju\u00e1rez, Oax., 8 de octubre de 2021.- Como Ana Leslie H. C., de 25 a\u00f1os de edad, y Akane M. H., de ocho meses, fueron identificadas madre e hija halladas muertas ayer en los l\u00edmites de San Andr\u00e9s Zautla y Nazareno, Etla, Oaxaca.<\/p>\n\n\n\n<p>El caso se investiga como feminicidios y se investiga a un mototaxista, pareja de la mujer, pues en la unidad se hallaron manchas hem\u00e1ticas.<\/p>\n\n\n\n<p>Los cuerpos &#8211;el de la adulta s\u00f3lo con ropa interior&#8211; fueron hallados alrededor de las 08:00 horas a la altura del paraje \u201cLa Guamuchera\u201d, presuntamente devoradas por caninos, aunque la adulta s\u00f3lo presenta lesiones y sangre en la cabeza.<\/p>\n\n\n\n<p>Las v\u00edctimas eran originarias de la comunidad de Alem\u00e1n, San Andr\u00e9s Zautla, al igual que la persona detenida como sospechosa (Arturo M.), que supuestamente mostr\u00f3 su sorpresa, despu\u00e9s del mediod\u00eda, del hallazgo.<\/p>\n\n\n\n<figure class=\"wp-block-embed-twitter wp-block-embed is-type-rich is-provider-twitter\"><div class=\"wp-block-embed__wrapper\">\n<div class=\"twitter-tweet\"><blockquote class=\"twitter-tweet\" data-lang=\"es\"><p lang=\"es\" dir=\"ltr\"><a href=\"https:\/\/twitter.com\/hashtag\/%C3%9AltimoMinuto?src=hash&amp;ref_src=twsrc%5Etfw\">#\u00daltimoMinuto<\/a> <br>Confirman doble feminicidio entre Alem\u00e1n, Zautla, y Nazareno, Etla, <a href=\"https:\/\/twitter.com\/hashtag\/Oaxaca?src=hash&amp;ref_src=twsrc%5Etfw\">#Oaxaca<\/a>. <br>Se trata de una mujer de 27 a\u00f1os de edad y una menor de un a\u00f1o. <br>De acuerdo con <a href=\"https:\/\/twitter.com\/GES_Mujer?ref_src=twsrc%5Etfw\">@GES_Mujer<\/a>, en el actual sexenio suman 564 mujeres asesinadas. <a href=\"https:\/\/t.co\/jul1lA9U7P\">pic.twitter.com\/jul1lA9U7P<\/a><\/p>&mdash; Zona Roja Oaxaca (@Zona_Roja_Oax) <a href=\"https:\/\/twitter.com\/Zona_Roja_Oax\/status\/1446203325129629705?ref_src=twsrc%5Etfw\">7 de octubre de 2021<\/a><\/blockquote><\/div>\n<\/div><\/figure>\n\n\n\n<p>EXIGEN INDAGATORIA<\/p>\n\n\n\n<p>La asociaci\u00f3n civil Consorcio Oaxaca conden\u00f3 los hechos de violencia feminicida contra las mujeres en las \u00faltimas horas e hizo un en\u00e9rgico llamado a la Fiscal\u00eda General del Estado, al gobierno de Oaxaca y a los gobiernos municipales de la entidad, a implementar mecanismos eficientes de monitoreo y protecci\u00f3n a las mujeres.<\/p>\n\n\n\n<p>\u201cCon la confirmaci\u00f3n de que se trat\u00f3 de feminicidios el hallazgo de una mujer de 27 a\u00f1os (sic) y una menor de un a\u00f1o en un camino de terracer\u00eda entre Nazareno, Etla y Alem\u00e1n, Zautla, Consorcio Oaxaca registra 558&nbsp; feminicidios en lo que va del actual sexenio del gobernador Alejandro Murat\u201d, expuso en un comunicado.<\/p>\n\n\n\n<p>A\u00f1adi\u00f3 que se debe iniciar como feminicido la investigaci\u00f3n sobre el hallazgo de otra mujer sin vida en el municipio de la colonia Moctezuma de la agencia de San Martin Mexicapam.<\/p>\n\n\n\n<p>Por su parte, la Fiscal\u00eda General del Estado de Oaxaca confirm\u00f3 que investiga el caso bajo los protocolos de feminicidio,  abri\u00f3 la Carpeta de Investigaci\u00f3n 32944\/FVCE\/ETLA\/2021 y despleg\u00f3 a su personal multidisciplinario en el lugar de los hechos, a fin de realizar las diligencias con apego a la ley y hasta agotar las l\u00edneas de investigaci\u00f3n<\/p>\n","protected":false},"excerpt":{"rendered":"<p>Ismael Garc\u00eda M.\/Zona Roja. Oaxaca de Ju\u00e1rez, Oax., 8 de octubre de 2021.- Como Ana&hellip;<\/p>\n","protected":false},"author":2,"featured_media":32909,"comment_status":"closed","ping_status":"open","sticky":false,"template":"","format":"standard","meta":{"_lmt_disableupdate":"","_lmt_disable":"","_jetpack_memberships_contains_paid_content":false,"footnotes":""},"categories":[109,51],"tags":[1956],"class_list":["post-32908","post","type-post","status-publish","format-standard","has-post-thumbnail","hentry","category-minuto-a-minuto","category-zona-roja","tag-nazareno-etla"],"jetpack_featured_media_url":"https:\/\/zonaroja.com.mx\/wp-content\/uploads\/2021\/10\/Asesinadas-Zautla-Nazareno-Oaxaca.jpg","jetpack_sharing_enabled":true,"_links":{"self":[{"href":"https:\/\/zonaroja.com.mx\/index.php?rest_route=\/wp\/v2\/posts\/32908","targetHints":{"allow":["GET"]}}],"collection":[{"href":"https:\/\/zonaroja.com.mx\/index.php?rest_route=\/wp\/v2\/posts"}],"about":[{"href":"https:\/\/zonaroja.com.mx\/index.php?rest_route=\/wp\/v2\/types\/post"}],"author":[{"embeddable":true,"href":"https:\/\/zonaroja.com.mx\/index.php?rest_route=\/wp\/v2\/users\/2"}],"replies":[{"embeddable":true,"href":"https:\/\/zonaroja.com.mx\/index.php?rest_route=%2Fwp%2Fv2%2Fcomments&post=32908"}],"version-history":[{"count":2,"href":"https:\/\/zonaroja.com.mx\/index.php?rest_route=\/wp\/v2\/posts\/32908\/revisions"}],"predecessor-version":[{"id":32915,"href":"https:\/\/zonaroja.com.mx\/index.php?rest_route=\/wp\/v2\/posts\/32908\/revisions\/32915"}],"wp:featuredmedia":[{"embeddable":true,"href":"https:\/\/zonaroja.com.mx\/index.php?rest_route=\/wp\/v2\/media\/32909"}],"wp:attachment":[{"href":"https:\/\/zonaroja.com.mx\/index.php?rest_route=%2Fwp%2Fv2%2Fmedia&parent=32908"}],"wp:term":[{"taxonomy":"category","embeddable":true,"href":"https:\/\/zonaroja.com.mx\/index.php?rest_route=%2Fwp%2Fv2%2Fcategories&post=32908"},{"taxonomy":"post_tag","embeddable":true,"href":"https:\/\/zonaroja.com.mx\/index.php?rest_route=%2Fwp%2Fv2%2Ftags&post=32908"}],"curies":[{"name":"wp","href":"https:\/\/api.w.org\/{rel}","templated":true}]}}