{"id":32919,"date":"2021-10-08T08:26:39","date_gmt":"2021-10-08T13:26:39","guid":{"rendered":"http:\/\/www.zonaroja.com.mx\/?p=32919"},"modified":"2021-10-08T08:26:43","modified_gmt":"2021-10-08T13:26:43","slug":"catorce-agrupaciones-de-oaxaca-y-canada-participan-en-encuentros-indigenas","status":"publish","type":"post","link":"https:\/\/zonaroja.com.mx\/?p=32919","title":{"rendered":"Catorce agrupaciones de Oaxaca y Canad\u00e1 participan en Encuentros Ind\u00edgenas."},"content":{"rendered":"\n<p>Redacci\u00f3n\/Zona Roja.<\/p>\n\n\n\n<p>Oaxaca de Ju\u00e1rez, Oax., 8 de octubre de 2021.- La m\u00fasica es una de las formas de expresi\u00f3n que nos permiten conocer las culturas en todo el mundo, para los pueblos ind\u00edgenas es, adem\u00e1s, una muestra de sus valores ancestrales y una forma de mantener vivas sus tradiciones, su lengua y los sonidos que los definen.<\/p>\n\n\n\n<p>Dentro de Encuentros Ind\u00edgenas Canad\u00e1-Oaxaca, 14 agrupaciones y m\u00fasicos representantes de comunidades ind\u00edgenas de ambos territorios, se encuentran en una compilaci\u00f3n musical que permite, a trav\u00e9s de siete d\u00faos, conocer y contrastar su riqueza y variedad cultural.<\/p>\n\n\n\n<p>Es as\u00ed como el cantante de la comunidad canadiense Oji-Cree, Mattmac, quien padece una discapacidad y escribe canciones desde los 13 a\u00f1os como una forma de combatir la depresi\u00f3n, presenta \u201cBreak me down\u201d, en el mismo d\u00fao encontramos al artista mixteco de rap triling\u00fce Una Isu, quien es defensor de los derechos de los migrantes ind\u00edgenas y participa con su canci\u00f3n \u201c\u00d1uu \u00f1\u00f9\u00f9 Yuk\u00f9\u201d.<\/p>\n\n\n\n<p>En la segunda dupla participan Cris Derksen, de la comunidad canadiense Cree, un compositor ind\u00edgena de prestigio internacional, que entrelaza lo tradicional y contempor\u00e1neo y presenta \u201cOur home on native land\u201d, por su parte Kumantuk xuxp\u00eb, explora la psicodelia a trav\u00e9s de la oralidad tomada de cuentos y leyendas de la regi\u00f3n Ayuujk, su m\u00fasica fusiona lo tradicional con m\u00fasica electr\u00f3nica y se percibe en \u201cJ\u00eb\u00ebn Pejk\u201d.<\/p>\n\n\n\n<p>Los Pream (mixe) y Sebastian Gaskin (cree), se presentan en el d\u00fao tres con las canciones \u201cGolden 2\u201d y \u201cSnakehold\u201d, respectivamente. El ensamble originario de Santa Mar\u00eda Tlahuitoltepec, herederos de la tradici\u00f3n musical mixe, tienen una propuesta con mezcla de funk, balkan, jazz y soon, en tanto que Gaskin, quien es un m\u00fasico multi instrumentista, explora el rhythm and blues y el hip-hop.<\/p>\n\n\n\n<p>Elisapie canta sobre las facetas de ser mujer y a trav\u00e9s de su femineidad, conocemos a una inuit orgullosa de sus or\u00edgenes, con\u00f3cela a trav\u00e9s de su canci\u00f3n \u201cDon\u00b4t live by the rules\u201d, en la misma dupla escuchar\u00e1s a Javier Meza ElKalulu, m\u00fasico de origen chocholteco, quien con su arte, busca fortalecer su identidad y lengua ind\u00edgena, ambas en peligro de extinci\u00f3n, escucha su obra \u201cMadre tierra\u201d.<\/p>\n\n\n\n<p>Pasatono es sin duda, una propuesta contempor\u00e1nea de la m\u00fasica tradicional oaxaque\u00f1a, sus sonidos y tem\u00e1ticas son extra\u00eddos de un mundo antiguo que se renueva, ellos participan en el d\u00fao cinco junto a The Halluci Nation, representantes de la comunidad Mohawk de Canad\u00e1, cuya propuesta musical gira en torno a la colaboraci\u00f3n.<\/p>\n\n\n\n<p>En la sexta dupla convergen las propuestas art\u00edsticas de Silla and Rise, agrupaci\u00f3n ind\u00edgena de canto gutural inuit y Kujipy, representantes de la comunidad Ayuujk, quienes recrean los sones y fandangos mixes incorporando una mezcla de funk, dub, trip hop, slam, entre otros g\u00e9neros.<\/p>\n\n\n\n<p>Finalmente, las propuestas musicales de Mixe Represent (Ayuujk) y Snotty Noz Rez Kids (Haisla), convergen en el d\u00fao siete, quienes a trav\u00e9s del rap mezclan sonidos tradicionales y contempor\u00e1neos en sus canciones \u201cMa\u00edz nativo\u201d y \u201cBoujee Natives\u201d, respectivamente.<\/p>\n\n\n\n<p>Disfruta de este recorrido musical en la c\u00e1psula conducida por Carlos Bautista, en los canales de Sound Cloud: SECULTA GobOax o Radio Universidad de Oaxaca. Tambi\u00e9n est\u00e1 disponible en YouTube como Encuentros Ind\u00edgenas 2021.<\/p>\n","protected":false},"excerpt":{"rendered":"<p>Redacci\u00f3n\/Zona Roja. Oaxaca de Ju\u00e1rez, Oax., 8 de octubre de 2021.- La m\u00fasica es una&hellip;<\/p>\n","protected":false},"author":2,"featured_media":32920,"comment_status":"closed","ping_status":"open","sticky":false,"template":"","format":"standard","meta":{"_lmt_disableupdate":"","_lmt_disable":"","_jetpack_memberships_contains_paid_content":false,"footnotes":""},"categories":[109,46],"tags":[],"class_list":["post-32919","post","type-post","status-publish","format-standard","has-post-thumbnail","hentry","category-minuto-a-minuto","category-zona-blanca"],"jetpack_featured_media_url":"https:\/\/zonaroja.com.mx\/wp-content\/uploads\/2021\/10\/KUJIPY.jpg","jetpack_sharing_enabled":true,"_links":{"self":[{"href":"https:\/\/zonaroja.com.mx\/index.php?rest_route=\/wp\/v2\/posts\/32919","targetHints":{"allow":["GET"]}}],"collection":[{"href":"https:\/\/zonaroja.com.mx\/index.php?rest_route=\/wp\/v2\/posts"}],"about":[{"href":"https:\/\/zonaroja.com.mx\/index.php?rest_route=\/wp\/v2\/types\/post"}],"author":[{"embeddable":true,"href":"https:\/\/zonaroja.com.mx\/index.php?rest_route=\/wp\/v2\/users\/2"}],"replies":[{"embeddable":true,"href":"https:\/\/zonaroja.com.mx\/index.php?rest_route=%2Fwp%2Fv2%2Fcomments&post=32919"}],"version-history":[{"count":1,"href":"https:\/\/zonaroja.com.mx\/index.php?rest_route=\/wp\/v2\/posts\/32919\/revisions"}],"predecessor-version":[{"id":32921,"href":"https:\/\/zonaroja.com.mx\/index.php?rest_route=\/wp\/v2\/posts\/32919\/revisions\/32921"}],"wp:featuredmedia":[{"embeddable":true,"href":"https:\/\/zonaroja.com.mx\/index.php?rest_route=\/wp\/v2\/media\/32920"}],"wp:attachment":[{"href":"https:\/\/zonaroja.com.mx\/index.php?rest_route=%2Fwp%2Fv2%2Fmedia&parent=32919"}],"wp:term":[{"taxonomy":"category","embeddable":true,"href":"https:\/\/zonaroja.com.mx\/index.php?rest_route=%2Fwp%2Fv2%2Fcategories&post=32919"},{"taxonomy":"post_tag","embeddable":true,"href":"https:\/\/zonaroja.com.mx\/index.php?rest_route=%2Fwp%2Fv2%2Ftags&post=32919"}],"curies":[{"name":"wp","href":"https:\/\/api.w.org\/{rel}","templated":true}]}}