{"id":32922,"date":"2021-10-08T08:32:15","date_gmt":"2021-10-08T13:32:15","guid":{"rendered":"http:\/\/www.zonaroja.com.mx\/?p=32922"},"modified":"2021-10-08T08:32:19","modified_gmt":"2021-10-08T13:32:19","slug":"explosion-en-mezquita-de-afganistan-mata-a-unas-100-personas","status":"publish","type":"post","link":"https:\/\/zonaroja.com.mx\/?p=32922","title":{"rendered":"Explosi\u00f3n en mezquita de Afganist\u00e1n mata a unas 100 personas"},"content":{"rendered":"\n<p>Redacci\u00f3n\/Zona Roja Cdmx.<\/p>\n\n\n\n<p>Ciudad de M\u00e9xico, 8 de octubre de 2021.- Este viernes se produjo una explosi\u00f3n entre los fieles musulmanes chi\u00edtas en una mezquita en el norte de Afganist\u00e1n, matando o hiriendo al menos a 100 personas, dijo un funcionario de la polic\u00eda talib\u00e1n.<\/p>\n\n\n\n<p>No hubo un reclamo inmediato de responsabilidad por la explosi\u00f3n, que tuvo lugar en Kunduz, la capital de la provincia de Kunduz, pero los militantes del grupo Estado Isl\u00e1mico tienen una larga historia de ataques a la minor\u00eda musulmana chi\u00ed de Afganist\u00e1n.<\/p>\n\n\n\n<p>Dost Mohammad Obaida, subjefe de polic\u00eda de la provincia de Kunduz, dijo que \u201cla mayor\u00eda de ellos han sido asesinados\u201d. Dijo que el ataque pudo haber sido llevado a cabo por un terrorista suicida que se mezcl\u00f3 entre los fieles.<\/p>\n\n\n\n<p>\u201cLes aseguro a nuestros hermanos chi\u00edtas que los talibanes est\u00e1n preparados para garantizar su seguridad\u201d, dijo Obaida, y agreg\u00f3 que se estaba llevando a cabo una investigaci\u00f3n.<\/p>\n\n\n\n<p>Si se confirma, una cifra de decenas de muertos ser\u00eda la m\u00e1s alta desde que las fuerzas estadounidenses y de la OTAN abandonaron Afganist\u00e1n a fines de agosto y los talibanes tomaron el control del pa\u00eds. Los talibanes han sido blanco de una serie de ataques mortales del EI, que incluyeron disparos de emboscadas y una explosi\u00f3n en una mezquita en la capital de Kabul.<\/p>\n\n\n\n<p>La explosi\u00f3n se produjo durante el servicio de oraci\u00f3n semanal del viernes en la mezquita Gozar-e-Sayed Abad. La oraci\u00f3n del mediod\u00eda del viernes es el punto culminante de la semana religiosa musulmana, y las mezquitas suelen estar abarrotadas. El testigo Ali Reza dijo que estaba rezando en el momento de la explosi\u00f3n e inform\u00f3 haber visto muchas v\u00edctimas.<\/p>\n\n\n\n<p>(Informaci\u00f3n de \u201cEl Financiero\u201d y AP)<\/p>\n","protected":false},"excerpt":{"rendered":"<p>Redacci\u00f3n\/Zona Roja Cdmx. Ciudad de M\u00e9xico, 8 de octubre de 2021.- Este viernes se produjo&hellip;<\/p>\n","protected":false},"author":2,"featured_media":32923,"comment_status":"closed","ping_status":"open","sticky":false,"template":"","format":"standard","meta":{"_lmt_disableupdate":"","_lmt_disable":"","_jetpack_memberships_contains_paid_content":false,"footnotes":""},"categories":[109,47],"tags":[2854],"class_list":["post-32922","post","type-post","status-publish","format-standard","has-post-thumbnail","hentry","category-minuto-a-minuto","category-zona-gris","tag-kabul-afganistan"],"jetpack_featured_media_url":"https:\/\/zonaroja.com.mx\/wp-content\/uploads\/2021\/10\/Explosion-mezquita-Afganistan.jpg","jetpack_sharing_enabled":true,"_links":{"self":[{"href":"https:\/\/zonaroja.com.mx\/index.php?rest_route=\/wp\/v2\/posts\/32922","targetHints":{"allow":["GET"]}}],"collection":[{"href":"https:\/\/zonaroja.com.mx\/index.php?rest_route=\/wp\/v2\/posts"}],"about":[{"href":"https:\/\/zonaroja.com.mx\/index.php?rest_route=\/wp\/v2\/types\/post"}],"author":[{"embeddable":true,"href":"https:\/\/zonaroja.com.mx\/index.php?rest_route=\/wp\/v2\/users\/2"}],"replies":[{"embeddable":true,"href":"https:\/\/zonaroja.com.mx\/index.php?rest_route=%2Fwp%2Fv2%2Fcomments&post=32922"}],"version-history":[{"count":1,"href":"https:\/\/zonaroja.com.mx\/index.php?rest_route=\/wp\/v2\/posts\/32922\/revisions"}],"predecessor-version":[{"id":32924,"href":"https:\/\/zonaroja.com.mx\/index.php?rest_route=\/wp\/v2\/posts\/32922\/revisions\/32924"}],"wp:featuredmedia":[{"embeddable":true,"href":"https:\/\/zonaroja.com.mx\/index.php?rest_route=\/wp\/v2\/media\/32923"}],"wp:attachment":[{"href":"https:\/\/zonaroja.com.mx\/index.php?rest_route=%2Fwp%2Fv2%2Fmedia&parent=32922"}],"wp:term":[{"taxonomy":"category","embeddable":true,"href":"https:\/\/zonaroja.com.mx\/index.php?rest_route=%2Fwp%2Fv2%2Fcategories&post=32922"},{"taxonomy":"post_tag","embeddable":true,"href":"https:\/\/zonaroja.com.mx\/index.php?rest_route=%2Fwp%2Fv2%2Ftags&post=32922"}],"curies":[{"name":"wp","href":"https:\/\/api.w.org\/{rel}","templated":true}]}}