{"id":32928,"date":"2021-10-08T14:46:29","date_gmt":"2021-10-08T19:46:29","guid":{"rendered":"https:\/\/www.zonaroja.com.mx\/?p=32928"},"modified":"2021-10-08T14:46:34","modified_gmt":"2021-10-08T19:46:34","slug":"reactivara-uabjo-actividades-administrativas-clases-se-mantienen-a-distancia-hasta-diciembre","status":"publish","type":"post","link":"https:\/\/zonaroja.com.mx\/?p=32928","title":{"rendered":"Reactivar\u00e1 UABJO actividades administrativas; clases se mantienen a distancia hasta diciembre"},"content":{"rendered":"\n<p><\/p>\n\n\n\n<p>Evlin Arag\u00f3n\/Zona Roja.&nbsp;<\/p>\n\n\n\n<p>Oaxaca de Ju\u00e1rez, Oax.. 8 de octubre de 2021.-&nbsp;Con un sem\u00e1foro epidemiol\u00f3gico en verde, lo cual reduce un menor riesgo de contagio por Covid-19 en la entidad, la Universidad Aut\u00f3noma \u201cBenito Ju\u00e1rez\u201d de Oaxaca (UABJO) anunci\u00f3 el regreso de las actividades administrativas de manera presencial.&nbsp;<\/p>\n\n\n\n<p>No as\u00ed las clases que se mantendr\u00e1n lo que resta del a\u00f1o de manera virtual y a distancia, sujetas a consideraci\u00f3n de los Consejos T\u00e9cnicos de las distintas Unidades Acad\u00e9micas a quienes les corresponde organizar un retorno paulatino y seguro de la poblaci\u00f3n estudiantil.&nbsp;&nbsp;<\/p>\n\n\n\n<p>As\u00ed lo dio a conocer el rector, Eduardo Bautista Mart\u00ednez, quien detall\u00f3 que fueron las y los integrantes de la Comisi\u00f3n T\u00e9cnica de Medidas de Salud, al interior de la universidad, la que determinaron las acciones a seguir, una vez que las autoridades federales determinaron ubicar a Oaxaca dentro de las entidades con menores posibilidades de contraer el virus SARS-CoV2.&nbsp;<\/p>\n\n\n\n<p>Conforme al comunicado emitido por la autoridad universitaria, s\u00f3lo algunas actividades al interior de las unidades acad\u00e9micas regresar\u00e1n de manera presencial, sobre todo las que tienen que ver con pr\u00e1cticas e investigaciones en laboratorio, las cuales no es posible realizar a distancia.&nbsp;&nbsp;&nbsp;<\/p>\n\n\n\n<p>\u201cEl pleno de directoras y directores, decidi\u00f3 que las Unidades Acad\u00e9micas, retomar\u00e1n algunas actividades esenciales de manera presencial\u2026 Pr\u00e1cticas e investigaci\u00f3n en laboratorios de \u00e1reas blancas, de materiales y cocinas, as\u00ed como pr\u00e1cticas en cl\u00ednicas hospitalarias con modelos anat\u00f3micos, de campo en unidades de producci\u00f3n pecuarias, ejecuci\u00f3n instrumental, \u00e1rea t\u00e9cnico deportiva y topograf\u00eda\u201d, refiere.&nbsp;&nbsp;<\/p>\n\n\n\n<p>De igual forma los talleres de ejecuci\u00f3n e impresi\u00f3n, compromisos internacionales, servicio social, ex\u00e1menes profesionales, entregas de resultados de an\u00e1lisis experimentales y muestras de campo, todas con estricto apego a los protocolos sanitarios.&nbsp;&nbsp;<\/p>\n\n\n\n<p>De acuerdo con la informaci\u00f3n proporcionada por el rector, ser\u00e1 hasta diciembre pr\u00f3ximo que las autoridades volver\u00e1n a evaluar las condiciones y se plantear\u00e1 el cierre del semestre 2021-2022 y las condiciones para un retorno paulatino a clases presenciales en el semestre 2022 -2022.&nbsp;<\/p>\n\n\n\n<p>Finalmente, la autoridad pidi\u00f3 a la comunidad universitaria estar pendiente de los avisos oficiales a trav\u00e9s de los canales institucionales de comunicaci\u00f3n o directamente con las Unidades Acad\u00e9micas. <\/p>\n","protected":false},"excerpt":{"rendered":"<p>Evlin Arag\u00f3n\/Zona Roja.&nbsp; Oaxaca de Ju\u00e1rez, Oax.. 8 de octubre de 2021.-&nbsp;Con un sem\u00e1foro epidemiol\u00f3gico&hellip;<\/p>\n","protected":false},"author":2,"featured_media":30882,"comment_status":"closed","ping_status":"open","sticky":false,"template":"","format":"standard","meta":{"_lmt_disableupdate":"","_lmt_disable":"","_jetpack_memberships_contains_paid_content":false,"footnotes":""},"categories":[109,47],"tags":[],"class_list":["post-32928","post","type-post","status-publish","format-standard","has-post-thumbnail","hentry","category-minuto-a-minuto","category-zona-gris"],"jetpack_featured_media_url":"https:\/\/zonaroja.com.mx\/wp-content\/uploads\/2021\/08\/UABJO-rectoria-clase.jpg","jetpack_sharing_enabled":true,"_links":{"self":[{"href":"https:\/\/zonaroja.com.mx\/index.php?rest_route=\/wp\/v2\/posts\/32928","targetHints":{"allow":["GET"]}}],"collection":[{"href":"https:\/\/zonaroja.com.mx\/index.php?rest_route=\/wp\/v2\/posts"}],"about":[{"href":"https:\/\/zonaroja.com.mx\/index.php?rest_route=\/wp\/v2\/types\/post"}],"author":[{"embeddable":true,"href":"https:\/\/zonaroja.com.mx\/index.php?rest_route=\/wp\/v2\/users\/2"}],"replies":[{"embeddable":true,"href":"https:\/\/zonaroja.com.mx\/index.php?rest_route=%2Fwp%2Fv2%2Fcomments&post=32928"}],"version-history":[{"count":1,"href":"https:\/\/zonaroja.com.mx\/index.php?rest_route=\/wp\/v2\/posts\/32928\/revisions"}],"predecessor-version":[{"id":32929,"href":"https:\/\/zonaroja.com.mx\/index.php?rest_route=\/wp\/v2\/posts\/32928\/revisions\/32929"}],"wp:featuredmedia":[{"embeddable":true,"href":"https:\/\/zonaroja.com.mx\/index.php?rest_route=\/wp\/v2\/media\/30882"}],"wp:attachment":[{"href":"https:\/\/zonaroja.com.mx\/index.php?rest_route=%2Fwp%2Fv2%2Fmedia&parent=32928"}],"wp:term":[{"taxonomy":"category","embeddable":true,"href":"https:\/\/zonaroja.com.mx\/index.php?rest_route=%2Fwp%2Fv2%2Fcategories&post=32928"},{"taxonomy":"post_tag","embeddable":true,"href":"https:\/\/zonaroja.com.mx\/index.php?rest_route=%2Fwp%2Fv2%2Ftags&post=32928"}],"curies":[{"name":"wp","href":"https:\/\/api.w.org\/{rel}","templated":true}]}}