{"id":3293,"date":"2019-08-22T17:09:06","date_gmt":"2019-08-22T22:09:06","guid":{"rendered":"http:\/\/www.zonaroja.com.mx\/?p=3293"},"modified":"2019-08-22T17:09:09","modified_gmt":"2019-08-22T22:09:09","slug":"confirman-asesinato-de-integrante-de-la-comunidad-lesbico-gay-piden-justicia","status":"publish","type":"post","link":"https:\/\/zonaroja.com.mx\/?p=3293","title":{"rendered":"Confirman asesinato de integrante de la comunidad l\u00e9sbico gay; piden justicia"},"content":{"rendered":"\n<p>Evlin\nArag\u00f3n\/Zona Roja.<\/p>\n\n\n\n<p>Oaxaca de\nJu\u00e1rez, Oax., 22 de agosto de 2019.- El integrante de la comunidad l\u00e9sbico gay s\u00ed\nfue asesinado ayer, con arma punzocortante, confirm\u00f3 la Vicefiscal\u00eda Regional\nde la Mixteca.<\/p>\n\n\n\n<p>\u201cAshley\u201d en\nla m\u00e1s reciente v\u00edctima de la violencia transfeminicida en la entidad\noaxaque\u00f1a; fue ultimada ayer en Huajuapan de Le\u00f3n. Este viernes cumplir\u00eda 39\na\u00f1os de edad.<\/p>\n\n\n\n<p>Se trata de\nuna integrante de la comunidad LGBT+ en la regi\u00f3n Mixteca, por lo que desde\nayer diversos colectivos se pronunciaron en contra de la violencia hacia las\npersonas trans, asegurando que independiente de su asesinato, \u201cAshley\u201d fue\nrevictimizada por los medios de comunicaci\u00f3n, quienes se refirieron a ella como\nhomosexual y dando su identidad como hombre.<\/p>\n\n\n\n<p>As\u00ed lo\nexpres\u00f3, ante medios de comunicaci\u00f3n de la regi\u00f3n Mixteca, Frida Cort\u00e1zar,\nactivista por los derechos de la diversidad sexual, quien detall\u00f3 que \u201cAshley\u201d\ncontaba con una discapacidad que le imped\u00eda hablar; sin embargo, esto no fue\nimpedimento para que desarrollara el oficio de estilista que le permit\u00eda\nganarse la vida dignamente sin hacerle da\u00f1o a nadie, por lo que lament\u00f3 el\nasesinato de la mujer.<\/p>\n\n\n\n<p>Rechaz\u00f3 que\na\u00fan se siga estigmatizando a las personas que integran la comunidad, pese a que\nse trata de actos de discriminaci\u00f3n que puede ser sancionados por instancias\ndel Estado. \u201cNosotras, las mujeres trans como cualquier otra tenemos derechos y\nobligaciones, y no merecemos ser discriminadas\u201d, dijo.<\/p>\n\n\n\n<p>Record\u00f3 que\nlos organismos&nbsp; internacionales\ndefensores de derechos humanos han reconocido a los integrantes de esta\ncomunidad como mujer transg\u00e9nero, raz\u00f3n por la que inst\u00f3 a las autoridades y\nmedios de comunicaci\u00f3n a no revictimizar a la comunidad LGBT+ que haya sido\nvulnerada en sus derechos.<\/p>\n\n\n\n<p>A la par que\nexigi\u00f3 justicia para \u201cAshley\u201d as\u00ed como para las otras mujeres trans que han\nsido asesinadas por la intolerancia que a\u00fan existe a otras formas de expresar\nla sexualidad.<\/p>\n\n\n\n<p>Cabe se\u00f1alar\nque el pasado 15 de julio, en la capital del estado fue agredida \u201cCarly\u201d, cuyo\ncuerpo presentaba una herida en el pecho producida por arma blanca, por lo que\nfue traslada al Hospital General \u201cDr. Aurelio Valdivieso\u201d donde falleci\u00f3\nmientras recib\u00eda atenci\u00f3n m\u00e9dica.<\/p>\n","protected":false},"excerpt":{"rendered":"<p>Evlin Arag\u00f3n\/Zona Roja. Oaxaca de Ju\u00e1rez, Oax., 22 de agosto de 2019.- El integrante de&hellip;<\/p>\n","protected":false},"author":2,"featured_media":3294,"comment_status":"closed","ping_status":"open","sticky":false,"template":"","format":"standard","meta":{"_lmt_disableupdate":"","_lmt_disable":"","_jetpack_memberships_contains_paid_content":false,"footnotes":""},"categories":[109,51],"tags":[597,594,596],"class_list":["post-3293","post","type-post","status-publish","format-standard","has-post-thumbnail","hentry","category-minuto-a-minuto","category-zona-roja","tag-ashley","tag-huajuapan-de-leon","tag-transfeminicidio"],"jetpack_featured_media_url":"https:\/\/zonaroja.com.mx\/wp-content\/uploads\/2019\/08\/Transexual-Huajuapan.jpg","jetpack_sharing_enabled":true,"_links":{"self":[{"href":"https:\/\/zonaroja.com.mx\/index.php?rest_route=\/wp\/v2\/posts\/3293","targetHints":{"allow":["GET"]}}],"collection":[{"href":"https:\/\/zonaroja.com.mx\/index.php?rest_route=\/wp\/v2\/posts"}],"about":[{"href":"https:\/\/zonaroja.com.mx\/index.php?rest_route=\/wp\/v2\/types\/post"}],"author":[{"embeddable":true,"href":"https:\/\/zonaroja.com.mx\/index.php?rest_route=\/wp\/v2\/users\/2"}],"replies":[{"embeddable":true,"href":"https:\/\/zonaroja.com.mx\/index.php?rest_route=%2Fwp%2Fv2%2Fcomments&post=3293"}],"version-history":[{"count":1,"href":"https:\/\/zonaroja.com.mx\/index.php?rest_route=\/wp\/v2\/posts\/3293\/revisions"}],"predecessor-version":[{"id":3295,"href":"https:\/\/zonaroja.com.mx\/index.php?rest_route=\/wp\/v2\/posts\/3293\/revisions\/3295"}],"wp:featuredmedia":[{"embeddable":true,"href":"https:\/\/zonaroja.com.mx\/index.php?rest_route=\/wp\/v2\/media\/3294"}],"wp:attachment":[{"href":"https:\/\/zonaroja.com.mx\/index.php?rest_route=%2Fwp%2Fv2%2Fmedia&parent=3293"}],"wp:term":[{"taxonomy":"category","embeddable":true,"href":"https:\/\/zonaroja.com.mx\/index.php?rest_route=%2Fwp%2Fv2%2Fcategories&post=3293"},{"taxonomy":"post_tag","embeddable":true,"href":"https:\/\/zonaroja.com.mx\/index.php?rest_route=%2Fwp%2Fv2%2Ftags&post=3293"}],"curies":[{"name":"wp","href":"https:\/\/api.w.org\/{rel}","templated":true}]}}