{"id":32930,"date":"2021-10-08T17:52:39","date_gmt":"2021-10-08T22:52:39","guid":{"rendered":"http:\/\/www.zonaroja.com.mx\/?p=32930"},"modified":"2021-10-08T17:52:43","modified_gmt":"2021-10-08T22:52:43","slug":"confirma-tribunal-graves-irregularidades-en-eleccion-de-pochutla","status":"publish","type":"post","link":"https:\/\/zonaroja.com.mx\/?p=32930","title":{"rendered":"Confirma Tribunal graves irregularidades en elecci\u00f3n de Pochutla"},"content":{"rendered":"\n<p>Redacci\u00f3n\/Zona Roja.<\/p>\n\n\n\n<p>Oaxaca de Ju\u00e1rez, Oax., 8 de octubre de 2021.- En la elecci\u00f3n municipal de San Pedro Pochutla, quien fuera la candidata ganadora, Saymi Pineda Velasco, transgredi\u00f3 los principios constitucionales de equidad y neutralidad en el proceso, lo cual result\u00f3 determinante en el resultado de los comicios del pasado 6 de junio.<\/p>\n\n\n\n<p>Adem\u00e1s, se advirtieron graves irregularidades, pues la candidata a concejales, por el Partido Morena hizo alusi\u00f3n a programas sociales y municipales para influenciar a la ciudadan\u00eda y as\u00ed poder coaccionar su voto, estableci\u00f3 el Tribunal Electoral del Estado de Oaxaca (TEEO).<\/p>\n\n\n\n<p>Asimismo, \u201cexisti\u00f3 una intenci\u00f3n reiterada de influir en el electorado al usar en su campa\u00f1a electoral dichos programas\u201d, ante lo cual anul\u00f3 las elecciones en San Pedro Pochutla.<\/p>\n\n\n\n<p>En un comunicado, el TEEO inform\u00f3 que a trav\u00e9s de los recursos de Inconformidad con clave RIN\/EA\/101\/2021 y RIN\/EA\/105\/2021, referente a Pochutla, por mayor\u00eda, el Pleno de este Tribunal determin\u00f3 que, en esa localidad, del an\u00e1lisis del caudal probatorio, se confirm\u00f3 la realizaci\u00f3n de diversos actos irregulares, por lo cual orden\u00f3 elecciones extraordinarias.<\/p>\n\n\n\n<figure class=\"wp-block-embed-twitter wp-block-embed is-type-rich is-provider-twitter\"><div class=\"wp-block-embed__wrapper\">\n<div class=\"twitter-tweet\"><blockquote class=\"twitter-tweet\" data-lang=\"es\"><p lang=\"es\" dir=\"ltr\"><a href=\"https:\/\/twitter.com\/hashtag\/%C3%9AltimoMinuto?src=hash&amp;ref_src=twsrc%5Etfw\">#\u00daltimoMinuto<\/a> <br>El <a href=\"https:\/\/twitter.com\/TEEOax?ref_src=twsrc%5Etfw\">@TEEOax<\/a> declar\u00f3 la nulidad de las elecciones municipales en San Jos\u00e9 Chiltepec, que hab\u00eda ganado Nueva Alianza con Javier Mart\u00ednez, y Pochutla, con <a href=\"https:\/\/twitter.com\/saymipinedav?ref_src=twsrc%5Etfw\">@saymipinedav<\/a> por Morena, por diversas irregularidades. <a href=\"https:\/\/t.co\/VUFyvQ5No5\">pic.twitter.com\/VUFyvQ5No5<\/a><\/p>&mdash; Zona Roja Oaxaca (@Zona_Roja_Oax) <a href=\"https:\/\/twitter.com\/Zona_Roja_Oax\/status\/1446551050777812992?ref_src=twsrc%5Etfw\">8 de octubre de 2021<\/a><\/blockquote><\/div>\n<\/div><\/figure>\n\n\n\n<p>OTROS CASOS<\/p>\n\n\n\n<p>Por otro lado, a trav\u00e9s de los expedientes RIN\/EA\/97\/2021 y RIN\/EA\/99\/2021, el \u00f3rgano jurisdiccional declar\u00f3 nula la elecci\u00f3n de concejales al ayuntamiento de San Jos\u00e9 Chiltepec, ya que, existi\u00f3 violencia por parte de un grupo de personas, mismas que ejercieron violencia dentro del consejo municipal de esa localidad, quienes quemaron los paquetes electorales de las catorce casillas.<\/p>\n\n\n\n<p>En la resoluci\u00f3n, indic\u00f3 que, la existencia de irregularidades graves qued\u00f3 acreditada ya que no obra documentaci\u00f3n en original de la paqueter\u00eda quemada, y estas no son reparables y de forma evidente pone en duda la certeza de la votaci\u00f3n misma que es determinante para el resultado de la misma.<\/p>\n\n\n\n<p>Respecto a la elecci\u00f3n de Santiago Ayuquililla, el Pleno del TEEO revoc\u00f3 las constancias de mayor\u00eda y validez, as\u00ed como las asignaciones expedidas por el consejo municipal ya que se actualiza la causal de nulidad prevista en la fracci\u00f3n IV, del art\u00edculo 77 de la ley de medios local, consistente en la no instalaci\u00f3n del 20 por ciento de las casillas electorales.<\/p>\n\n\n\n<p>La sentencia del expediente RIN\/EA\/38\/2021 refiri\u00f3 que, seg\u00fan consta en autos, solamente se instal\u00f3 el 75 por ciento de las casillas previstas, ya que la casilla b\u00e1sica 1 de la secci\u00f3n 1972, fue objeto de hechos de violencia que derivaron en su incineraci\u00f3n.<\/p>\n\n\n\n<p>Explic\u00f3 que a 532 personas se les impidi\u00f3 votar por estos hechos, y este n\u00famero, destac\u00f3, es mayor que la diferencia de 87 votos que existe entre el primero y segundo lugar; lo que impide concluir que el resultado hubiera sido el mismo de no haberse suscitado el hecho de violencia.<\/p>\n\n\n\n<p>El TEEO orden\u00f3 la celebraci\u00f3n de elecciones extraordinarias en Pochutla, Chiltepec y Ayuquililla, en consecuencia, acord\u00f3 notificar al Congreso del Estado y al Instituto Estatal Electoral y de Participaci\u00f3n Ciudadana, para que act\u00faen en el \u00e1mbito de sus competencias.<\/p>\n","protected":false},"excerpt":{"rendered":"<p>Redacci\u00f3n\/Zona Roja. Oaxaca de Ju\u00e1rez, Oax., 8 de octubre de 2021.- En la elecci\u00f3n municipal&hellip;<\/p>\n","protected":false},"author":2,"featured_media":32932,"comment_status":"closed","ping_status":"open","sticky":false,"template":"","format":"standard","meta":{"_lmt_disableupdate":"","_lmt_disable":"","_jetpack_memberships_contains_paid_content":false,"footnotes":""},"categories":[109,47],"tags":[2714],"class_list":["post-32930","post","type-post","status-publish","format-standard","has-post-thumbnail","hentry","category-minuto-a-minuto","category-zona-gris","tag-saymi-pineda-velasco"],"jetpack_featured_media_url":"https:\/\/zonaroja.com.mx\/wp-content\/uploads\/2021\/10\/Saymi-Pineda-Velasco.jpg","jetpack_sharing_enabled":true,"_links":{"self":[{"href":"https:\/\/zonaroja.com.mx\/index.php?rest_route=\/wp\/v2\/posts\/32930","targetHints":{"allow":["GET"]}}],"collection":[{"href":"https:\/\/zonaroja.com.mx\/index.php?rest_route=\/wp\/v2\/posts"}],"about":[{"href":"https:\/\/zonaroja.com.mx\/index.php?rest_route=\/wp\/v2\/types\/post"}],"author":[{"embeddable":true,"href":"https:\/\/zonaroja.com.mx\/index.php?rest_route=\/wp\/v2\/users\/2"}],"replies":[{"embeddable":true,"href":"https:\/\/zonaroja.com.mx\/index.php?rest_route=%2Fwp%2Fv2%2Fcomments&post=32930"}],"version-history":[{"count":1,"href":"https:\/\/zonaroja.com.mx\/index.php?rest_route=\/wp\/v2\/posts\/32930\/revisions"}],"predecessor-version":[{"id":32933,"href":"https:\/\/zonaroja.com.mx\/index.php?rest_route=\/wp\/v2\/posts\/32930\/revisions\/32933"}],"wp:featuredmedia":[{"embeddable":true,"href":"https:\/\/zonaroja.com.mx\/index.php?rest_route=\/wp\/v2\/media\/32932"}],"wp:attachment":[{"href":"https:\/\/zonaroja.com.mx\/index.php?rest_route=%2Fwp%2Fv2%2Fmedia&parent=32930"}],"wp:term":[{"taxonomy":"category","embeddable":true,"href":"https:\/\/zonaroja.com.mx\/index.php?rest_route=%2Fwp%2Fv2%2Fcategories&post=32930"},{"taxonomy":"post_tag","embeddable":true,"href":"https:\/\/zonaroja.com.mx\/index.php?rest_route=%2Fwp%2Fv2%2Ftags&post=32930"}],"curies":[{"name":"wp","href":"https:\/\/api.w.org\/{rel}","templated":true}]}}