{"id":32945,"date":"2021-10-09T06:58:04","date_gmt":"2021-10-09T11:58:04","guid":{"rendered":"http:\/\/www.zonaroja.com.mx\/?p=32945"},"modified":"2021-10-09T06:58:09","modified_gmt":"2021-10-09T11:58:09","slug":"convocan-a-menores-de-12-a-17-anos-con-comorbilidades-para-vacunacion-anticovid","status":"publish","type":"post","link":"https:\/\/zonaroja.com.mx\/?p=32945","title":{"rendered":"Convocan a menores de 12 a 17 a\u00f1os con comorbilidades, para vacunaci\u00f3n anticovid"},"content":{"rendered":"\n<p>Redacci\u00f3n\/Zona Roja.<\/p>\n\n\n\n<p>Oaxaca de Ju\u00e1rez, Oax., 9 de octubre de 2021.- En coordinaci\u00f3n con el gobierno federal, los Servicios de Salud de Oaxaca (SSO) convocaron a padres, madres o tutores para que preregistren a sus hijas e hijos de 12 a 17 a\u00f1os que viven con alguna comorbilidad, con factores de riesgo, para inscribirlos para la vacunaci\u00f3n contra el Covid-19 en la siguiente liga: https:\/\/mivacuna.salud.gob.mx<\/p>\n\n\n\n<p>Tambi\u00e9n deber\u00e1n hacerlo en el enlace: https:\/\/forms.gle\/wGifsM9Gsg1VSj4Q6, con el prop\u00f3sito de tener un censo nominal que incluya las patolog\u00edas de cada adolescente por grupo de comorbilidades.<\/p>\n\n\n\n<p>Lo anterior permitir\u00e1 adem\u00e1s llevar a cabo la planeaci\u00f3n, aplicaci\u00f3n y registro final de vacunaci\u00f3n, inform\u00f3 a trav\u00e9s de un comunicado de prensa.<\/p>\n\n\n\n<p>La dependencia precis\u00f3 que con base en las recomendaciones del Grupo T\u00e9cnico Asesor en Vacunaci\u00f3n COVID-19 (GTAV), se ha modificado la Pol\u00edtica Nacional de Vacunaci\u00f3n contra esta patolog\u00eda infecciosa, con el prop\u00f3sito de incluir a personas adolescentes en el rango antes mencionado, que viven con alg\u00fan padecimiento que los hace mayormente vulnerables a poder enfermar de gravedad e incluso perder la vida a causa del SARS-CoV-2.<\/p>\n\n\n\n<p>Con informaci\u00f3n de la Secretar\u00eda de Salud Federal (SSA) y del Instituto de Salud para el Bienestar (INSABI), las enfermedades o factores de riesgo que ser\u00e1n considerados en la poblaci\u00f3n en cuesti\u00f3n se podr\u00e1n consultar en este v\u00ednculo:<\/p>\n\n\n\n<figure class=\"wp-block-embed\"><div class=\"wp-block-embed__wrapper\">\nhttp:\/\/vacunacovid.gob.mx\/wordpress\/wp-content\/uploads\/2021\/09\/2021.09.28-Vacunacion-COVID-adolescentes-riesgo.pdf\n<\/div><\/figure>\n\n\n\n<p>En este sentido, la instituci\u00f3n de salud refiri\u00f3 que las enfermedades o factores de riesgo que ser\u00e1n considerados para tal fin son:<\/p>\n\n\n\n<p>Condiciones card\u00edacas cr\u00f3nicas, como es el caso de enfermedad card\u00edaca cong\u00e9nita o adquirida con datos de insuficiencia card\u00edaca, hipertensi\u00f3n arterial primaria o secundaria en tratamiento m\u00e9dico con anti-hipertensivos.<\/p>\n\n\n\n<p>Quienes tengan enfermedad pulmonar cr\u00f3nica, como es el caso del asma grave mal controlada, fibrosis qu\u00edstica, pulmonar intersticial o malformaciones cong\u00e9nitas del sistema respiratorio.<\/p>\n\n\n\n<p>Con afecciones cr\u00f3nicas del ri\u00f1\u00f3n, h\u00edgado o sistema digestivo, por ejemplo, malformaciones cong\u00e9nitas de ri\u00f1\u00f3n, h\u00edgado o sistema digestivo que condiciona un riesgo para la vida, reflujo gastroesof\u00e1gico severo que puede predisponer a infecciones respiratorias, pacientes con gastrostom\u00eda, cirrosis, insuficiencia renal cr\u00f3nica grado tres o quienes se encuentren en terapia de hemodi\u00e1lisis y di\u00e1lisis peritoneal.<\/p>\n\n\n\n<p>As\u00ed como, enfermedad neurol\u00f3gica cr\u00f3nica, por ejemplo, neurodiscapacidad y\/o enfermedad neuromuscular que incluye par\u00e1lisis cerebral, autismo moderado o grave, epilepsia de dif\u00edcil control y con afecci\u00f3n neurol\u00f3gica y distrofia muscular, trastornos cong\u00e9nitos que puedan afectar al sistema nervioso, esclerosis m\u00faltiple y s\u00edndrome de Down.<\/p>\n\n\n\n<p>Adem\u00e1s de menores con diagn\u00f3stico de padecimientos end\u00f3crinos como es el caso de la diabetes mellitus en cualquiera de sus formas y grado de control, s\u00edndrome de Addison e hipotuitario y obesidad grave.<\/p>\n\n\n\n<p>As\u00ed tambi\u00e9n, con inmunosupresi\u00f3n moderada a grave, como es el caso de quienes est\u00e1n en tratamiento activo para tumores s\u00f3lidos o neoplasias malignas hematol\u00f3gicas (leucemia, linfoma y mieloma), o dentro de los tres a\u00f1os posteriores a la curaci\u00f3n; receptores de trasplantes de \u00f3rganos s\u00f3lidos o de c\u00e9lulas madre dentro de los dos a\u00f1os posteriores al trasplante o recibiendo tratamiento inmunosupresor, en lista de espera para trasplante, infecci\u00f3n por VIH\/Sida, entre otros.<\/p>\n\n\n\n<p>De igual manera, a las y los que padecen asplenia o disfunci\u00f3n del bazo y enfermedades hematol\u00f3gicas, por ejemplo, la hemofilia; con anomal\u00edas gen\u00e9ticas graves que afectan varios sistemas y embarazo adolescente a partir de las nueve semanas de gestaci\u00f3n.<\/p>\n\n\n\n<p>Los SSO puntualizaron que las y los adolescentes con enfermedades que debilitan su sistema inmunol\u00f3gico son m\u00e1s vulnerables a que la COVID-19 pueda presentar complicaciones graves que ameriten hospitalizaci\u00f3n, ingreso a unidades de terapia intensiva, necesidad de ventilaci\u00f3n mec\u00e1nica invasiva o condiciones que aumentan el riesgo de morir. La vacuna que se utilizar\u00e1 ser\u00e1 la BNT162b2 de Pfizer\/BioNTech&nbsp; que, hasta&nbsp; la&nbsp; fecha, es la \u00fanica que ha demostrado&nbsp; seguridad e inmunogenicidad en personas de 12 a\u00f1os en adelante, y cuenta con la aprobaci\u00f3n para su aplicaci\u00f3n de emergencia por la Comisi\u00f3n Federal para la Protecci\u00f3n Contra Riesgos Sanitarios (Cofepris) de M\u00e9xico.<\/p>\n","protected":false},"excerpt":{"rendered":"<p>Redacci\u00f3n\/Zona Roja. Oaxaca de Ju\u00e1rez, Oax., 9 de octubre de 2021.- En coordinaci\u00f3n con el&hellip;<\/p>\n","protected":false},"author":2,"featured_media":32946,"comment_status":"closed","ping_status":"open","sticky":false,"template":"","format":"standard","meta":{"_lmt_disableupdate":"","_lmt_disable":"","_jetpack_memberships_contains_paid_content":false,"footnotes":""},"categories":[109,46],"tags":[1005],"class_list":["post-32945","post","type-post","status-publish","format-standard","has-post-thumbnail","hentry","category-minuto-a-minuto","category-zona-blanca","tag-servicios-de-salud-de-oaxaca-sso"],"jetpack_featured_media_url":"https:\/\/zonaroja.com.mx\/wp-content\/uploads\/2021\/10\/Fotos-SSO-Menores-2.jpeg","jetpack_sharing_enabled":true,"_links":{"self":[{"href":"https:\/\/zonaroja.com.mx\/index.php?rest_route=\/wp\/v2\/posts\/32945","targetHints":{"allow":["GET"]}}],"collection":[{"href":"https:\/\/zonaroja.com.mx\/index.php?rest_route=\/wp\/v2\/posts"}],"about":[{"href":"https:\/\/zonaroja.com.mx\/index.php?rest_route=\/wp\/v2\/types\/post"}],"author":[{"embeddable":true,"href":"https:\/\/zonaroja.com.mx\/index.php?rest_route=\/wp\/v2\/users\/2"}],"replies":[{"embeddable":true,"href":"https:\/\/zonaroja.com.mx\/index.php?rest_route=%2Fwp%2Fv2%2Fcomments&post=32945"}],"version-history":[{"count":1,"href":"https:\/\/zonaroja.com.mx\/index.php?rest_route=\/wp\/v2\/posts\/32945\/revisions"}],"predecessor-version":[{"id":32947,"href":"https:\/\/zonaroja.com.mx\/index.php?rest_route=\/wp\/v2\/posts\/32945\/revisions\/32947"}],"wp:featuredmedia":[{"embeddable":true,"href":"https:\/\/zonaroja.com.mx\/index.php?rest_route=\/wp\/v2\/media\/32946"}],"wp:attachment":[{"href":"https:\/\/zonaroja.com.mx\/index.php?rest_route=%2Fwp%2Fv2%2Fmedia&parent=32945"}],"wp:term":[{"taxonomy":"category","embeddable":true,"href":"https:\/\/zonaroja.com.mx\/index.php?rest_route=%2Fwp%2Fv2%2Fcategories&post=32945"},{"taxonomy":"post_tag","embeddable":true,"href":"https:\/\/zonaroja.com.mx\/index.php?rest_route=%2Fwp%2Fv2%2Ftags&post=32945"}],"curies":[{"name":"wp","href":"https:\/\/api.w.org\/{rel}","templated":true}]}}